{"id":8034,"date":"2023-03-20T10:26:33","date_gmt":"2023-03-20T09:26:33","guid":{"rendered":"https:\/\/www.driveblue.be\/au-revoir-fiesta-lhistoire-de-lemblematique-fiesta\/"},"modified":"2023-03-23T16:22:22","modified_gmt":"2023-03-23T15:22:22","slug":"au-revoir-fiesta-lhistoire-de-lemblematique-fiesta","status":"publish","type":"post","link":"https:\/\/www.driveblue.be\/fr\/au-revoir-fiesta-lhistoire-de-lemblematique-fiesta\/","title":{"rendered":"Adieu Fiesta : l&#8217;histoire de la c\u00e9l\u00e8bre Ford"},"content":{"rendered":"<p>Apr\u00e8s 44 ans de commercialisation, Ford fait ses adieux \u00e0 l&#8217;embl\u00e9matique <a href=\"https:\/\/www.driveblue.be\/fr\/acheter-une-voiture\/?Ford-Fiesta-------------------\"><strong>Fiesta.<\/strong><\/a> L&#8217;arr\u00eat de la production de ce mod\u00e8le marque la fin d&#8217;une \u00e9poque pour les passionn\u00e9s de Ford et les amateurs de voitures du monde entier. Dans cet article, nous revenons sur l&#8217;histoire de la Ford Fiesta et sur ce qui a rendu ce mod\u00e8le si sp\u00e9cial. <\/p>\n<h4><strong>L&#8217;histoire de la Ford Fiesta<\/strong><\/h4>\n<p>L&#8217;histoire de la Ford Fiesta commence en 1976, lorsque <a href=\"https:\/\/www.ford.be\">Ford<\/a> d\u00e9voile son dernier mod\u00e8le au salon de l&#8217;automobile de Paris. La Fiesta de premi\u00e8re g\u00e9n\u00e9ration \u00e9tait une petite voiture \u00e0 hayon \u00e0 faible <a href=\"https:\/\/www.driveblue.be\/fr\/acheter-une-voiture\/?Ford-Fiesta-----------------0-100-\">consommation de carburant<\/a> et a \u00e9t\u00e9 produite en Allemagne, en Grande-Bretagne et en Espagne. Le mod\u00e8le est rapidement devenu populaire pour son agilit\u00e9 et sa fiabilit\u00e9.<\/p>\n<p>Dans les ann\u00e9es qui ont suivi, Ford a lanc\u00e9 plusieurs nouvelles g\u00e9n\u00e9rations de la <a href=\"https:\/\/www.driveblue.be\/fr\/acheter-une-voiture\/?Ford-Fiesta-------------------\">Fiesta<\/a>, chacune apportant des innovations et des am\u00e9liorations. La deuxi\u00e8me g\u00e9n\u00e9ration, sortie en 1983, a \u00e9t\u00e9 la premi\u00e8re \u00e0 \u00eatre \u00e9quip\u00e9e d&#8217;un <a href=\"https:\/\/www.driveblue.be\/fr\/acheter-une-voiture\/?Ford-----------Diesel---------\">moteur diesel<\/a>. La troisi\u00e8me g\u00e9n\u00e9ration, sortie en 1989, a introduit la premi\u00e8re version sportive de la Fiesta, la XR2i.<\/p>\n<div class=\"row\"  id=\"row-381357379\">\n\n\t<div id=\"col-514676216\" class=\"col medium-4 small-12 large-4\"  >\n\t\t\t\t<div class=\"col-inner\"  >\n\t\t\t\n\t\t\t\n\t<div class=\"img has-hover x md-x lg-x y md-y lg-y\" id=\"image_1640907396\">\n\t\t\t\t\t\t\t\t<div class=\"img-inner image-cover dark\" style=\"padding-top:75%;\">\n\t\t\t<img loading=\"lazy\" decoding=\"async\" width=\"1020\" height=\"765\" src=\"https:\/\/www.driveblue.be\/wp-content\/uploads\/2023\/03\/History_1983_Fiesta-MK2-1-1024x768.jpg\" class=\"attachment-large size-large\" alt=\"Ford Fiesta MK2 1983\" srcset=\"https:\/\/www.driveblue.be\/wp-content\/uploads\/2023\/03\/History_1983_Fiesta-MK2-1-1024x768.jpg 1024w, https:\/\/www.driveblue.be\/wp-content\/uploads\/2023\/03\/History_1983_Fiesta-MK2-1-300x225.jpg 300w, https:\/\/www.driveblue.be\/wp-content\/uploads\/2023\/03\/History_1983_Fiesta-MK2-1-768x576.jpg 768w, https:\/\/www.driveblue.be\/wp-content\/uploads\/2023\/03\/History_1983_Fiesta-MK2-1-1536x1152.jpg 1536w, https:\/\/www.driveblue.be\/wp-content\/uploads\/2023\/03\/History_1983_Fiesta-MK2-1-2048x1536.jpg 2048w\" sizes=\"auto, (max-width: 1020px) 100vw, 1020px\" \/>\t\t\t\t\t\t\n\t\t\t\t\t<\/div>\n\t\t\t\t\t\t\t\t\n<style>\n#image_1640907396 {\n  width: 100%;\n}\n<\/style>\n\t<\/div>\n\t\n<p style=\"text-align: center;\"><strong>Ford Fiesta Mk2 &#8211; 1983<\/strong><\/p>\n\t\t<\/div>\n\t\t\t\t\t<\/div>\n\n\t\n\n\t<div id=\"col-1043197653\" class=\"col medium-4 small-12 large-4\"  >\n\t\t\t\t<div class=\"col-inner\"  >\n\t\t\t\n\t\t\t\n\t<div class=\"img has-hover x md-x lg-x y md-y lg-y\" id=\"image_442601318\">\n\t\t\t\t\t\t\t\t<div class=\"img-inner image-cover dark\" style=\"padding-top:75%;\">\n\t\t\t<img loading=\"lazy\" decoding=\"async\" width=\"768\" height=\"595\" src=\"https:\/\/www.driveblue.be\/wp-content\/uploads\/2023\/03\/History_1990_Fiesta_RSTurbo-LOW-1-768x595.jpg\" class=\"attachment-medium_large size-medium_large\" alt=\"Ford Fiesta RST Turbo 1990\" srcset=\"https:\/\/www.driveblue.be\/wp-content\/uploads\/2023\/03\/History_1990_Fiesta_RSTurbo-LOW-1-768x595.jpg 768w, https:\/\/www.driveblue.be\/wp-content\/uploads\/2023\/03\/History_1990_Fiesta_RSTurbo-LOW-1-300x232.jpg 300w, https:\/\/www.driveblue.be\/wp-content\/uploads\/2023\/03\/History_1990_Fiesta_RSTurbo-LOW-1-1024x793.jpg 1024w, https:\/\/www.driveblue.be\/wp-content\/uploads\/2023\/03\/History_1990_Fiesta_RSTurbo-LOW-1-1536x1189.jpg 1536w, https:\/\/www.driveblue.be\/wp-content\/uploads\/2023\/03\/History_1990_Fiesta_RSTurbo-LOW-1.jpg 1984w\" sizes=\"auto, (max-width: 768px) 100vw, 768px\" \/>\t\t\t\t\t\t\n\t\t\t\t\t<\/div>\n\t\t\t\t\t\t\t\t\n<style>\n#image_442601318 {\n  width: 100%;\n}\n<\/style>\n\t<\/div>\n\t\n<p style=\"text-align: center;\"><strong>La l\u00e9gendraire Ford Fiesta RS Turbo &#8211; 1990<\/strong><\/p>\n\t\t<\/div>\n\t\t\t\t\t<\/div>\n\n\t\n\n\t<div id=\"col-162265511\" class=\"col medium-4 small-12 large-4\"  >\n\t\t\t\t<div class=\"col-inner\"  >\n\t\t\t\n\t\t\t\n\t<div class=\"img has-hover x md-x lg-x y md-y lg-y\" id=\"image_1976198351\">\n\t\t\t\t\t\t\t\t<div class=\"img-inner image-cover dark\" style=\"padding-top:75%;\">\n\t\t\t<img loading=\"lazy\" decoding=\"async\" width=\"1020\" height=\"678\" src=\"https:\/\/www.driveblue.be\/wp-content\/uploads\/2023\/03\/History_2004_Lines_Fiesta_ST-1024x681.jpg\" class=\"attachment-large size-large\" alt=\"\" srcset=\"https:\/\/www.driveblue.be\/wp-content\/uploads\/2023\/03\/History_2004_Lines_Fiesta_ST-1024x681.jpg 1024w, https:\/\/www.driveblue.be\/wp-content\/uploads\/2023\/03\/History_2004_Lines_Fiesta_ST-300x200.jpg 300w, https:\/\/www.driveblue.be\/wp-content\/uploads\/2023\/03\/History_2004_Lines_Fiesta_ST-768x511.jpg 768w, https:\/\/www.driveblue.be\/wp-content\/uploads\/2023\/03\/History_2004_Lines_Fiesta_ST-1536x1021.jpg 1536w, https:\/\/www.driveblue.be\/wp-content\/uploads\/2023\/03\/History_2004_Lines_Fiesta_ST-2048x1362.jpg 2048w\" sizes=\"auto, (max-width: 1020px) 100vw, 1020px\" \/>\t\t\t\t\t\t\n\t\t\t\t\t<\/div>\n\t\t\t\t\t\t\t\t\n<style>\n#image_1976198351 {\n  width: 100%;\n}\n<\/style>\n\t<\/div>\n\t\n<p style=\"text-align: center;\"><strong>Ford Fiesta ST 2004<\/strong><\/p>\n\t\t<\/div>\n\t\t\t\t\t<\/div>\n\n\t\n<\/div>\n<p>La quatri\u00e8me g\u00e9n\u00e9ration, sortie en 1995, a marqu\u00e9 une \u00e9tape importante pour la Fiesta. C&#8217;\u00e9tait la premi\u00e8re g\u00e9n\u00e9ration \u00e0 \u00eatre con\u00e7ue selon la philosophie de design &#8220;New Edge&#8221; de Ford et elle \u00e9tait disponible avec la climatisation. La cinqui\u00e8me g\u00e9n\u00e9ration, sortie en 2001, a introduit le nouveau langage &#8220;Kinetic Design&#8221; de Ford et a offert plus d&#8217;espace et de confort.  <\/p>\n<p>En 2008, la sixi\u00e8me g\u00e9n\u00e9ration de la Ford Fiesta a \u00e9t\u00e9 lanc\u00e9e. Ce mod\u00e8le <strong>fut le mod\u00e8le le plus vendu<\/strong> de l&#8217;histoire de la Fiesta. Il s&#8217;agit de la premi\u00e8re g\u00e9n\u00e9ration \u00e0 \u00eatre lanc\u00e9e dans le monde entier et elle offre un design raffin\u00e9 et moderne. La <a href=\"\">huiti\u00e8me et derni\u00e8re g\u00e9n\u00e9ration de la Fiesta<\/a> a \u00e9t\u00e9 introduite en 2017 et restera disponible jusqu&#8217;\u00e0 \u00e9puisement des stocks chez les concessionnaires.   <\/p>\n<h4><strong>Derni\u00e8re chance pour les amateurs de la petite voiture de ville.<\/strong><\/h4>\n<p>M\u00eame si la Ford Fiesta ne sera plus produite \u00e0 partir de juin 2023, ce mod\u00e8le embl\u00e9matique a toujours \u00e9t\u00e9 un favori pour les amateurs de voitures. <a href=\"http:\/\/driveblue.be\/contact\"><strong>Les distributeurs Ford en Belgique<\/strong><\/a> disposent encore de stocks du dernier mod\u00e8le de la Fiesta. Il est donc encore possible de mettre la main sur l&#8217;une de ces voitures l\u00e9gendaires avant qu&#8217;elles ne disparaissent d\u00e9finitivement des salles d&#8217;exposition.<\/p>\n<p>Notre stock de Fiestas <a href=\"https:\/\/www.driveblue.be\/fr\/acheter-une-voiture\/?Ford-Fiesta---------Nieuw----------\">neuves<\/a> ou <a href=\"https:\/\/www.driveblue.be\/fr\/acheter-une-voiture\/?Ford-Fiesta---------Tweedehands----------\">d&#8217;occasion<\/a> vous int\u00e9resse ? Visitez la page <a href=\"https:\/\/www.driveblue.be\/fr\/acheter-une-voiture\/?-\">stock<\/a> de <a href=\"http:\/\/driveblue.be\">DriveBlue.be<\/a>, o\u00f9 vous trouverez plus d&#8217;informations sur les mod\u00e8les disponibles. Vous avez des questions sur la <a href=\"https:\/\/www.driveblue.be\/fr\/vendre\/\">reprise<\/a> de votre nouvelle voiture ? <a href=\"http:\/\/driveblue.be\/contact\"><strong>Contactez votre concessionnaire Ford<\/strong><\/a> le plus proche et d\u00e9couvrez combien votre voiture vaut encore.<\/p>\n","protected":false},"excerpt":{"rendered":"<p>Apr\u00e8s 44 ans de commercialisation, Ford fait ses adieux \u00e0 l&#8217;embl\u00e9matique Fiesta. L&#8217;arr\u00eat de la production de ce mod\u00e8le marque la fin d&#8217;une \u00e9poque pour les passionn\u00e9s de Ford et les amateurs de voitures du monde entier. Dans cet article, nous revenons sur l&#8217;histoire de la Ford Fiesta et sur ce qui a rendu ce [&#8230;]\n","protected":false},"author":18,"featured_media":8021,"comment_status":"closed","ping_status":"open","sticky":false,"template":"","format":"standard","meta":{"footnotes":""},"categories":[20],"tags":[67,62,68],"class_list":["post-8034","post","type-post","status-publish","format-standard","has-post-thumbnail","hentry","category-actualite","tag-fiesta-fr","tag-ford-fr","tag-histoire"],"acf":[],"yoast_head":"<!-- This site is optimized with the Yoast SEO plugin v20.12 - https:\/\/yoast.com\/wordpress\/plugins\/seo\/ -->\n<title>Adieu Fiesta : l&#039;histoire de la c\u00e9l\u00e8bre Ford - DriveBlue<\/title>\n<meta name=\"description\" content=\"D\u00e9couvrez l&#039;histoire de l&#039;embl\u00e9matique Ford Fiesta, v\u00e9ritable star de la route depuis 1976 qui fera ses adieux en 2023.\" \/>\n<meta name=\"robots\" content=\"index, follow, max-snippet:-1, max-image-preview:large, max-video-preview:-1\" \/>\n<link rel=\"canonical\" href=\"https:\/\/www.driveblue.be\/fr\/au-revoir-fiesta-lhistoire-de-lemblematique-fiesta\/\" \/>\n<meta property=\"og:locale\" content=\"fr_FR\" \/>\n<meta property=\"og:type\" content=\"article\" \/>\n<meta property=\"og:title\" content=\"Adieu Fiesta : l&#039;histoire de la c\u00e9l\u00e8bre Ford - DriveBlue\" \/>\n<meta property=\"og:description\" content=\"D\u00e9couvrez l&#039;histoire de l&#039;embl\u00e9matique Ford Fiesta, v\u00e9ritable star de la route depuis 1976 qui fera ses adieux en 2023.\" \/>\n<meta property=\"og:url\" content=\"https:\/\/www.driveblue.be\/fr\/au-revoir-fiesta-lhistoire-de-lemblematique-fiesta\/\" \/>\n<meta property=\"og:site_name\" content=\"DriveBlue\" \/>\n<meta property=\"article:published_time\" content=\"2023-03-20T09:26:33+00:00\" \/>\n<meta property=\"article:modified_time\" content=\"2023-03-23T15:22:22+00:00\" \/>\n<meta property=\"og:image\" content=\"https:\/\/www.driveblue.be\/wp-content\/uploads\/2023\/03\/History_1976_fiesta_basis-scaled.jpg\" \/>\n\t<meta property=\"og:image:width\" content=\"2560\" \/>\n\t<meta property=\"og:image:height\" content=\"1710\" \/>\n\t<meta property=\"og:image:type\" content=\"image\/jpeg\" \/>\n<meta name=\"author\" content=\"guy\" \/>\n<meta name=\"twitter:card\" content=\"summary_large_image\" \/>\n<meta name=\"twitter:label1\" content=\"\u00c9crit par\" \/>\n\t<meta name=\"twitter:data1\" content=\"guy\" \/>\n\t<meta name=\"twitter:label2\" content=\"Dur\u00e9e de lecture est.\" \/>\n\t<meta name=\"twitter:data2\" content=\"3 minutes\" \/>\n<script type=\"application\/ld+json\" class=\"yoast-schema-graph\">{\"@context\":\"https:\/\/schema.org\",\"@graph\":[{\"@type\":\"WebPage\",\"@id\":\"https:\/\/www.driveblue.be\/fr\/au-revoir-fiesta-lhistoire-de-lemblematique-fiesta\/\",\"url\":\"https:\/\/www.driveblue.be\/fr\/au-revoir-fiesta-lhistoire-de-lemblematique-fiesta\/\",\"name\":\"Adieu Fiesta : l'histoire de la c\u00e9l\u00e8bre Ford - DriveBlue\",\"isPartOf\":{\"@id\":\"https:\/\/www.driveblue.be\/fr\/#website\"},\"datePublished\":\"2023-03-20T09:26:33+00:00\",\"dateModified\":\"2023-03-23T15:22:22+00:00\",\"author\":{\"@id\":\"https:\/\/www.driveblue.be\/fr\/#\/schema\/person\/13f45996dde2c8f6bb9e9e8b454c5c37\"},\"description\":\"D\u00e9couvrez l'histoire de l'embl\u00e9matique Ford Fiesta, v\u00e9ritable star de la route depuis 1976 qui fera ses adieux en 2023.\",\"breadcrumb\":{\"@id\":\"https:\/\/www.driveblue.be\/fr\/au-revoir-fiesta-lhistoire-de-lemblematique-fiesta\/#breadcrumb\"},\"inLanguage\":\"fr-BE\",\"potentialAction\":[{\"@type\":\"ReadAction\",\"target\":[\"https:\/\/www.driveblue.be\/fr\/au-revoir-fiesta-lhistoire-de-lemblematique-fiesta\/\"]}]},{\"@type\":\"BreadcrumbList\",\"@id\":\"https:\/\/www.driveblue.be\/fr\/au-revoir-fiesta-lhistoire-de-lemblematique-fiesta\/#breadcrumb\",\"itemListElement\":[{\"@type\":\"ListItem\",\"position\":1,\"name\":\"Home\",\"item\":\"https:\/\/www.driveblue.be\/fr\/\"},{\"@type\":\"ListItem\",\"position\":2,\"name\":\"Adieu Fiesta : l&#8217;histoire de la c\u00e9l\u00e8bre Ford\"}]},{\"@type\":\"WebSite\",\"@id\":\"https:\/\/www.driveblue.be\/fr\/#website\",\"url\":\"https:\/\/www.driveblue.be\/fr\/\",\"name\":\"DriveBlue\",\"description\":\"\",\"potentialAction\":[{\"@type\":\"SearchAction\",\"target\":{\"@type\":\"EntryPoint\",\"urlTemplate\":\"https:\/\/www.driveblue.be\/fr\/?s={search_term_string}\"},\"query-input\":\"required name=search_term_string\"}],\"inLanguage\":\"fr-BE\"},{\"@type\":\"Person\",\"@id\":\"https:\/\/www.driveblue.be\/fr\/#\/schema\/person\/13f45996dde2c8f6bb9e9e8b454c5c37\",\"name\":\"guy\",\"image\":{\"@type\":\"ImageObject\",\"inLanguage\":\"fr-BE\",\"@id\":\"https:\/\/www.driveblue.be\/fr\/#\/schema\/person\/image\/\",\"url\":\"https:\/\/secure.gravatar.com\/avatar\/f2c66b258dce25874adafdae0f3905b323086d468bc7a5bc4b044af88c009615?s=96&d=mm&r=g\",\"contentUrl\":\"https:\/\/secure.gravatar.com\/avatar\/f2c66b258dce25874adafdae0f3905b323086d468bc7a5bc4b044af88c009615?s=96&d=mm&r=g\",\"caption\":\"guy\"},\"url\":\"https:\/\/www.driveblue.be\"}]}<\/script>\n<!-- \/ Yoast SEO plugin. -->","yoast_head_json":{"title":"Adieu Fiesta : l'histoire de la c\u00e9l\u00e8bre Ford - DriveBlue","description":"D\u00e9couvrez l'histoire de l'embl\u00e9matique Ford Fiesta, v\u00e9ritable star de la route depuis 1976 qui fera ses adieux en 2023.","robots":{"index":"index","follow":"follow","max-snippet":"max-snippet:-1","max-image-preview":"max-image-preview:large","max-video-preview":"max-video-preview:-1"},"canonical":"https:\/\/www.driveblue.be\/fr\/au-revoir-fiesta-lhistoire-de-lemblematique-fiesta\/","og_locale":"fr_FR","og_type":"article","og_title":"Adieu Fiesta : l'histoire de la c\u00e9l\u00e8bre Ford - DriveBlue","og_description":"D\u00e9couvrez l'histoire de l'embl\u00e9matique Ford Fiesta, v\u00e9ritable star de la route depuis 1976 qui fera ses adieux en 2023.","og_url":"https:\/\/www.driveblue.be\/fr\/au-revoir-fiesta-lhistoire-de-lemblematique-fiesta\/","og_site_name":"DriveBlue","article_published_time":"2023-03-20T09:26:33+00:00","article_modified_time":"2023-03-23T15:22:22+00:00","og_image":[{"width":2560,"height":1710,"url":"https:\/\/www.driveblue.be\/wp-content\/uploads\/2023\/03\/History_1976_fiesta_basis-scaled.jpg","type":"image\/jpeg"}],"author":"guy","twitter_card":"summary_large_image","twitter_misc":{"\u00c9crit par":"guy","Dur\u00e9e de lecture est.":"3 minutes"},"schema":{"@context":"https:\/\/schema.org","@graph":[{"@type":"WebPage","@id":"https:\/\/www.driveblue.be\/fr\/au-revoir-fiesta-lhistoire-de-lemblematique-fiesta\/","url":"https:\/\/www.driveblue.be\/fr\/au-revoir-fiesta-lhistoire-de-lemblematique-fiesta\/","name":"Adieu Fiesta : l'histoire de la c\u00e9l\u00e8bre Ford - DriveBlue","isPartOf":{"@id":"https:\/\/www.driveblue.be\/fr\/#website"},"datePublished":"2023-03-20T09:26:33+00:00","dateModified":"2023-03-23T15:22:22+00:00","author":{"@id":"https:\/\/www.driveblue.be\/fr\/#\/schema\/person\/13f45996dde2c8f6bb9e9e8b454c5c37"},"description":"D\u00e9couvrez l'histoire de l'embl\u00e9matique Ford Fiesta, v\u00e9ritable star de la route depuis 1976 qui fera ses adieux en 2023.","breadcrumb":{"@id":"https:\/\/www.driveblue.be\/fr\/au-revoir-fiesta-lhistoire-de-lemblematique-fiesta\/#breadcrumb"},"inLanguage":"fr-BE","potentialAction":[{"@type":"ReadAction","target":["https:\/\/www.driveblue.be\/fr\/au-revoir-fiesta-lhistoire-de-lemblematique-fiesta\/"]}]},{"@type":"BreadcrumbList","@id":"https:\/\/www.driveblue.be\/fr\/au-revoir-fiesta-lhistoire-de-lemblematique-fiesta\/#breadcrumb","itemListElement":[{"@type":"ListItem","position":1,"name":"Home","item":"https:\/\/www.driveblue.be\/fr\/"},{"@type":"ListItem","position":2,"name":"Adieu Fiesta : l&#8217;histoire de la c\u00e9l\u00e8bre Ford"}]},{"@type":"WebSite","@id":"https:\/\/www.driveblue.be\/fr\/#website","url":"https:\/\/www.driveblue.be\/fr\/","name":"DriveBlue","description":"","potentialAction":[{"@type":"SearchAction","target":{"@type":"EntryPoint","urlTemplate":"https:\/\/www.driveblue.be\/fr\/?s={search_term_string}"},"query-input":"required name=search_term_string"}],"inLanguage":"fr-BE"},{"@type":"Person","@id":"https:\/\/www.driveblue.be\/fr\/#\/schema\/person\/13f45996dde2c8f6bb9e9e8b454c5c37","name":"guy","image":{"@type":"ImageObject","inLanguage":"fr-BE","@id":"https:\/\/www.driveblue.be\/fr\/#\/schema\/person\/image\/","url":"https:\/\/secure.gravatar.com\/avatar\/f2c66b258dce25874adafdae0f3905b323086d468bc7a5bc4b044af88c009615?s=96&d=mm&r=g","contentUrl":"https:\/\/secure.gravatar.com\/avatar\/f2c66b258dce25874adafdae0f3905b323086d468bc7a5bc4b044af88c009615?s=96&d=mm&r=g","caption":"guy"},"url":"https:\/\/www.driveblue.be"}]}},"_links":{"self":[{"href":"https:\/\/www.driveblue.be\/fr\/wp-json\/wp\/v2\/posts\/8034","targetHints":{"allow":["GET"]}}],"collection":[{"href":"https:\/\/www.driveblue.be\/fr\/wp-json\/wp\/v2\/posts"}],"about":[{"href":"https:\/\/www.driveblue.be\/fr\/wp-json\/wp\/v2\/types\/post"}],"author":[{"embeddable":true,"href":"https:\/\/www.driveblue.be\/fr\/wp-json\/wp\/v2\/users\/18"}],"replies":[{"embeddable":true,"href":"https:\/\/www.driveblue.be\/fr\/wp-json\/wp\/v2\/comments?post=8034"}],"version-history":[{"count":14,"href":"https:\/\/www.driveblue.be\/fr\/wp-json\/wp\/v2\/posts\/8034\/revisions"}],"predecessor-version":[{"id":8294,"href":"https:\/\/www.driveblue.be\/fr\/wp-json\/wp\/v2\/posts\/8034\/revisions\/8294"}],"wp:featuredmedia":[{"embeddable":true,"href":"https:\/\/www.driveblue.be\/fr\/wp-json\/wp\/v2\/media\/8021"}],"wp:attachment":[{"href":"https:\/\/www.driveblue.be\/fr\/wp-json\/wp\/v2\/media?parent=8034"}],"wp:term":[{"taxonomy":"category","embeddable":true,"href":"https:\/\/www.driveblue.be\/fr\/wp-json\/wp\/v2\/categories?post=8034"},{"taxonomy":"post_tag","embeddable":true,"href":"https:\/\/www.driveblue.be\/fr\/wp-json\/wp\/v2\/tags?post=8034"}],"curies":[{"name":"wp","href":"https:\/\/api.w.org\/{rel}","templated":true}]}}