{"id":8134,"date":"2023-03-20T17:24:51","date_gmt":"2023-03-20T16:24:51","guid":{"rendered":"https:\/\/www.driveblue.be\/ford-bronco-le-vehicule-tout-terrain-par-excellence-debarque-en-europe\/"},"modified":"2023-03-23T16:34:32","modified_gmt":"2023-03-23T15:34:32","slug":"ford-bronco-le-vehicule-tout-terrain-par-excellence-debarque-en-europe","status":"publish","type":"post","link":"https:\/\/www.driveblue.be\/fr\/ford-bronco-le-vehicule-tout-terrain-par-excellence-debarque-en-europe\/","title":{"rendered":"Ford Bronco : le v\u00e9hicule tout-terrain par excellence d\u00e9barque en Europe"},"content":{"rendered":"<div><strong>Le l\u00e9gendaire Ford Bronco est de retour et pr\u00eat \u00e0 conqu\u00e9rir le march\u00e9 europ\u00e9en. De SUV, die oorspronkelijk werd gelanceerd in 1965 en werd geproduceerd tot 1996, is opnieuw ontworpen voor het moderne tijdperk met een groot aantal spannende functies en mogelijkheden. Dit is wat u kunt verwachten van de nieuwe Ford Bronco:  <\/strong><\/div>\n\t<section class=\"section\" id=\"section_1198345771\">\n\t\t<div class=\"bg section-bg fill bg-fill  bg-loaded\" >\n\n\t\t\t\n\t\t\t\n\t\t\t\n\n\t\t<\/div>\n\n\t\t\n\n\t\t<div class=\"section-content relative\">\n\t\t\t\n\n\t<div id=\"col-1216030917\" class=\"col small-12 large-12\"  >\n\t\t\t\t<div class=\"col-inner\"  >\n\t\t\t\n\t\t\t\n<div class=\"row row-collapse row-full-width align-middle\"  id=\"row-177495049\">\n\n\t<div id=\"col-1473445571\" class=\"col medium-12 large-6\"  >\n\t\t\t\t<div class=\"col-inner\"  >\n\t\t\t\n\t\t\t\n\n  <div class=\"banner has-hover\" id=\"banner-2019662143\">\n          <div class=\"banner-inner fill\">\n        <div class=\"banner-bg fill\" >\n            <div class=\"bg fill bg-fill \"><\/div>\n                                    \n                    <\/div>\n\t\t\n        <div class=\"banner-layers container\">\n            <div class=\"fill banner-link\"><\/div>            \n        <\/div>\n      <\/div>\n\n            \n<style>\n#banner-2019662143 {\n  padding-top: 300px;\n  background-color: rgba(255, 255, 255, 0);\n}\n#banner-2019662143 .bg.bg-loaded {\n  background-image: url(https:\/\/www.driveblue.be\/wp-content\/uploads\/2023\/03\/FordBronco_Dynamic_3-1-1024x685.jpg);\n}\n#banner-2019662143 .bg {\n  background-position: 25% 17%;\n}\n#banner-2019662143 .ux-shape-divider--top svg {\n  height: 150px;\n  --divider-top-width: 100%;\n}\n#banner-2019662143 .ux-shape-divider--bottom svg {\n  height: 150px;\n  --divider-width: 100%;\n}\n@media (min-width:550px) {\n  #banner-2019662143 {\n    padding-top: 500px;\n  }\n}\n@media (min-width:850px) {\n  #banner-2019662143 {\n    padding-top: 369px;\n  }\n}\n<\/style>\n  <\/div>\n\n\n\t\t<\/div>\n\t\t\t\t\t<\/div>\n\n\t\n\n\t<div id=\"col-65915496\" class=\"col medium-12 large-6\"  >\n\t\t\t\t<div class=\"col-inner\"  >\n\t\t\t\n\t\t\t\n\t<div id=\"gap-1070556545\" class=\"gap-element clearfix\" style=\"display:block; height:auto;\">\n\t\t\n<style>\n#gap-1070556545 {\n  padding-top: 30px;\n}\n<\/style>\n\t<\/div>\n\t\n\t<div id=\"text-2145647568\" class=\"text\">\n\t\t\n<h4>Capacit\u00e9s tout-terrain<\/h4>\n\t\t\n<style>\n#text-2145647568 {\n  font-size: 1.15rem;\n  line-height: 1;\n}\n<\/style>\n\t<\/div>\n\t\n\t<div id=\"text-2769596652\" class=\"text\">\n\t\t\n<p>Le <a href=\"https:\/\/www.nl.ford.be\/alle-modellen\/new-bronco\">Ford Bronco<\/a> est con\u00e7u pour affronter tous les terrains avec facilit\u00e9. Il est dot\u00e9 d&#8217;une robuste carrosserie sur cadre, d&#8217;une suspension avant ind\u00e9pendante et d&#8217;une technologie 4&#215;4 avanc\u00e9e disponible en option, comme le syst\u00e8me de gestion du terrain avec les modes G.O.A.T. (Goes Over Any Terrain). Avec une garde au sol pouvant atteindre 11,6 pouces, le Bronco peut facilement franchir des terrains accident\u00e9s et des obstacles.<br \/>\n\t\t\n<style>\n#text-2769596652 {\n  line-height: 1.5;\n}\n<\/style>\n\t<\/div>\n\t\n\t\t<\/div>\n\t\t\t\t\n<style>\n#col-65915496 > .col-inner {\n  padding: 20px 20px 20px 20px;\n}\n@media (min-width:550px) {\n  #col-65915496 > .col-inner {\n    padding: 30px 50px 40px 50px;\n  }\n}\n@media (min-width:850px) {\n  #col-65915496 > .col-inner {\n    padding: 0px 5% 0px 15%;\n  }\n}\n<\/style>\n\t<\/div>\n\n\t\n<\/div>\n<div class=\"row row-collapse row-full-width align-middle\"  id=\"row-715739142\">\n\n\t<div id=\"col-1827850661\" class=\"col medium-12 large-6\"  >\n\t\t\t\t<div class=\"col-inner\"  >\n\t\t\t\n\t\t\t\n\t<div id=\"text-2109950612\" class=\"text\">\n\t\t\n<h4>Puissance et performance<\/h4>\n\t\t\n<style>\n#text-2109950612 {\n  font-size: 1.15rem;\n  line-height: 1;\n}\n<\/style>\n\t<\/div>\n\t\n\t<div id=\"text-1905725835\" class=\"text\">\n\t\t\n<p>Le Bronco est disponible avec deux moteurs puissants, un moteur EcoBoost de 2,3 litres et un V6 EcoBoost de 2,7 litres. Les deux moteurs sont associ\u00e9s \u00e0 une bo\u00eete de vitesses automatique \u00e0 10 rapports et offrent une puissance et un couple impressionnants. Le Bronco est \u00e9galement dot\u00e9 de fonctions tout-terrain avanc\u00e9es telles que le Trail Control, qui agit comme un r\u00e9gulateur de vitesse pour la conduite tout-terrain. Il est \u00e9galement \u00e9quip\u00e9 du syst\u00e8me Trail Turn Assist, qui permet de r\u00e9duire le rayon de braquage lors de la travers\u00e9e de sentiers \u00e9troits.<br \/>\n\t\t\n<style>\n#text-1905725835 {\n  line-height: 1.5;\n}\n<\/style>\n\t<\/div>\n\t\n\t\t<\/div>\n\t\t\t\t\t<\/div>\n\n\t\n\n\t<div id=\"col-1393020138\" class=\"col medium-12 large-6\"  >\n\t\t\t\t<div class=\"col-inner\"  >\n\t\t\t\n\t\t\t\n\t<div id=\"gap-1610969664\" class=\"gap-element clearfix\" style=\"display:block; height:auto;\">\n\t\t\n<style>\n#gap-1610969664 {\n  padding-top: 0px;\n}\n<\/style>\n\t<\/div>\n\t\n\n  <div class=\"banner has-hover\" id=\"banner-858938158\">\n          <div class=\"banner-inner fill\">\n        <div class=\"banner-bg fill\" >\n            <div class=\"bg fill bg-fill \"><\/div>\n                                    \n                    <\/div>\n\t\t\n        <div class=\"banner-layers container\">\n            <div class=\"fill banner-link\"><\/div>            \n        <\/div>\n      <\/div>\n\n            \n<style>\n#banner-858938158 {\n  padding-top: 300px;\n  background-color: rgba(255, 255, 255, 0);\n}\n#banner-858938158 .bg.bg-loaded {\n  background-image: url(https:\/\/www.driveblue.be\/wp-content\/uploads\/2023\/03\/FordBronco_CGrey_Dynamic_5-1024x683.jpg);\n}\n#banner-858938158 .bg {\n  background-position: 34% 8%;\n}\n#banner-858938158 .ux-shape-divider--top svg {\n  height: 150px;\n  --divider-top-width: 100%;\n}\n#banner-858938158 .ux-shape-divider--bottom svg {\n  height: 150px;\n  --divider-width: 100%;\n}\n@media (min-width:550px) {\n  #banner-858938158 {\n    padding-top: 500px;\n  }\n}\n@media (min-width:850px) {\n  #banner-858938158 {\n    padding-top: 351px;\n  }\n}\n<\/style>\n  <\/div>\n\n\n\t\t<\/div>\n\t\t\t\t\n<style>\n#col-1393020138 > .col-inner {\n  padding: 20px 20px 20px 20px;\n}\n@media (min-width:550px) {\n  #col-1393020138 > .col-inner {\n    padding: 30px 50px 40px 50px;\n  }\n}\n@media (min-width:850px) {\n  #col-1393020138 > .col-inner {\n    padding: 0px 5% 0px 5%;\n  }\n}\n<\/style>\n\t<\/div>\n\n\t\n<\/div>\n<div class=\"row row-collapse row-full-width align-middle\"  id=\"row-1831014615\">\n\n\t<div id=\"col-791152861\" class=\"col medium-12 large-6\"  >\n\t\t\t\t<div class=\"col-inner\"  >\n\t\t\t\n\t\t\t\n\n  <div class=\"banner has-hover\" id=\"banner-386038098\">\n          <div class=\"banner-inner fill\">\n        <div class=\"banner-bg fill\" >\n            <div class=\"bg fill bg-fill \"><\/div>\n                                    \n                    <\/div>\n\t\t\n        <div class=\"banner-layers container\">\n            <div class=\"fill banner-link\"><\/div>            \n        <\/div>\n      <\/div>\n\n            \n<style>\n#banner-386038098 {\n  padding-top: 300px;\n  background-color: rgba(255, 255, 255, 0);\n}\n#banner-386038098 .bg.bg-loaded {\n  background-image: url(https:\/\/www.driveblue.be\/wp-content\/uploads\/2023\/03\/FordBronco_Dynamic_3-1024x685.jpg);\n}\n#banner-386038098 .bg {\n  background-position: 25% 17%;\n}\n#banner-386038098 .ux-shape-divider--top svg {\n  height: 150px;\n  --divider-top-width: 100%;\n}\n#banner-386038098 .ux-shape-divider--bottom svg {\n  height: 150px;\n  --divider-width: 100%;\n}\n@media (min-width:550px) {\n  #banner-386038098 {\n    padding-top: 500px;\n  }\n}\n@media (min-width:850px) {\n  #banner-386038098 {\n    padding-top: 360px;\n  }\n}\n<\/style>\n  <\/div>\n\n\n\t\t<\/div>\n\t\t\t\t\t<\/div>\n\n\t\n\n\t<div id=\"col-506317471\" class=\"col medium-12 large-6\"  >\n\t\t\t\t<div class=\"col-inner\"  >\n\t\t\t\n\t\t\t\n\t<div id=\"gap-31332764\" class=\"gap-element clearfix\" style=\"display:block; height:auto;\">\n\t\t\n<style>\n#gap-31332764 {\n  padding-top: 30px;\n}\n<\/style>\n\t<\/div>\n\t\n\t<div id=\"text-1254575671\" class=\"text\">\n\t\t\n<h4>Style et personnalisation<\/h4>\n\t\t\n<style>\n#text-1254575671 {\n  font-size: 1.15rem;\n  line-height: 1;\n}\n<\/style>\n\t<\/div>\n\t\n\t<div id=\"text-1513874194\" class=\"text\">\n\t\t\n<p>Le Ford Bronco poss\u00e8de un style unique et inimitable qui rend hommage au mod\u00e8le original tout en int\u00e9grant des \u00e9l\u00e9ments de design modernes. Il est disponible en configuration deux ou quatre portes, avec un toit et des portes amovibles pour une exp\u00e9rience de conduite en plein air. Le Bronco dispose \u00e9galement de plusieurs options de personnalisation, dont plus de 200 accessoires install\u00e9s par le <a href=\"https:\/\/www.driveblue.be\/fr\/contact\/\">concessionnaire<\/a>, afin que vous puissiez vraiment le personnaliser.<br \/>\n\t\t\n<style>\n#text-1513874194 {\n  line-height: 1.5;\n}\n<\/style>\n\t<\/div>\n\t\n\t\t<\/div>\n\t\t\t\t\n<style>\n#col-506317471 > .col-inner {\n  padding: 20px 20px 20px 20px;\n}\n@media (min-width:550px) {\n  #col-506317471 > .col-inner {\n    padding: 30px 50px 40px 50px;\n  }\n}\n@media (min-width:850px) {\n  #col-506317471 > .col-inner {\n    padding: 0px 5% 0px 15%;\n  }\n}\n<\/style>\n\t<\/div>\n\n\t\n<\/div>\n<div class=\"row row-collapse row-full-width align-middle\"  id=\"row-1947303572\">\n\n\t<div id=\"col-1176916310\" class=\"col medium-12 large-6\"  >\n\t\t\t\t<div class=\"col-inner\"  >\n\t\t\t\n\t\t\t\n\t<div id=\"text-3675145195\" class=\"text\">\n\t\t\n<h4>Disponibilit\u00e9 en Europe<\/h4>\n\t\t\n<style>\n#text-3675145195 {\n  font-size: 1.15rem;\n  line-height: 1;\n}\n<\/style>\n\t<\/div>\n\t\n\t<div id=\"text-3431847525\" class=\"text\">\n\t\t\n<p>Arriv\u00e9 en Europe fin 2023, le Ford Bronco sera certainement un succ\u00e8s parmi les amateurs de tout-terrain et les aventuriers. Avec ses capacit\u00e9s impressionnantes, son design robuste et ses options personnalisables, le Bronco est le tout-terrain par excellence. Les prix du Ford Bronco ont \u00e9t\u00e9 annonc\u00e9s et il peut \u00eatre command\u00e9 d\u00e8s maintenant aupr\u00e8s de <a href=\"https:\/\/www.driveblue.be\/fr\/contact\/\">votre concessionnaire Ford<\/a> le plus proche.<br \/>\n\t\t\n<style>\n#text-3431847525 {\n  line-height: 1.5;\n}\n<\/style>\n\t<\/div>\n\t\n\t\t<\/div>\n\t\t\t\t\t<\/div>\n\n\t\n\n\t<div id=\"col-1877296967\" class=\"col medium-12 large-6\"  >\n\t\t\t\t<div class=\"col-inner\"  >\n\t\t\t\n\t\t\t\n\t<div id=\"gap-1827653096\" class=\"gap-element clearfix\" style=\"display:block; height:auto;\">\n\t\t\n<style>\n#gap-1827653096 {\n  padding-top: 0px;\n}\n<\/style>\n\t<\/div>\n\t\n\n  <div class=\"banner has-hover\" id=\"banner-915661917\">\n          <div class=\"banner-inner fill\">\n        <div class=\"banner-bg fill\" >\n            <div class=\"bg fill bg-fill \"><\/div>\n                                    \n                    <\/div>\n\t\t\n        <div class=\"banner-layers container\">\n            <div class=\"fill banner-link\"><\/div>            \n        <\/div>\n      <\/div>\n\n            \n<style>\n#banner-915661917 {\n  padding-top: 300px;\n  background-color: rgba(255, 255, 255, 0);\n}\n#banner-915661917 .bg.bg-loaded {\n  background-image: url(https:\/\/www.driveblue.be\/wp-content\/uploads\/2023\/03\/FordBronco_HPRed_Static_1-1024x580.jpg);\n}\n#banner-915661917 .bg {\n  background-position: 34% 11%;\n}\n#banner-915661917 .ux-shape-divider--top svg {\n  height: 150px;\n  --divider-top-width: 100%;\n}\n#banner-915661917 .ux-shape-divider--bottom svg {\n  height: 150px;\n  --divider-width: 100%;\n}\n@media (min-width:550px) {\n  #banner-915661917 {\n    padding-top: 500px;\n  }\n}\n@media (min-width:850px) {\n  #banner-915661917 {\n    padding-top: 325px;\n  }\n}\n<\/style>\n  <\/div>\n\n\n\t\t<\/div>\n\t\t\t\t\n<style>\n#col-1877296967 > .col-inner {\n  padding: 20px 20px 20px 20px;\n}\n@media (min-width:550px) {\n  #col-1877296967 > .col-inner {\n    padding: 30px 50px 40px 50px;\n  }\n}\n@media (min-width:850px) {\n  #col-1877296967 > .col-inner {\n    padding: 0px 5% 0px 5%;\n  }\n}\n<\/style>\n\t<\/div>\n\n\t\n<\/div>\n\t\t<\/div>\n\t\t\t\t\t<\/div>\n\n\t\n\t\t<\/div>\n\n\t\t\n<style>\n#section_1198345771 {\n  padding-top: 30px;\n  padding-bottom: 30px;\n}\n#section_1198345771 .ux-shape-divider--top svg {\n  height: 150px;\n  --divider-top-width: 100%;\n}\n#section_1198345771 .ux-shape-divider--bottom svg {\n  height: 150px;\n  --divider-width: 100%;\n}\n<\/style>\n\t<\/section>\n\t\n\t<div id=\"gap-678657166\" class=\"gap-element clearfix\" style=\"display:block; height:auto;\">\n\t\t\n<style>\n#gap-678657166 {\n  padding-top: 30px;\n}\n<\/style>\n\t<\/div>\n\t\n\n<h4 style=\"text-align: center;\"><strong>A lire \u00e9galement:<\/strong><\/h4>\n\n  \n    <div class=\"row large-columns-3 medium-columns- small-columns-1 row-small has-shadow row-box-shadow-1\">\n  <div class=\"col post-item\" data-animate=\"fadeInLeft\">\n\t\t\t<div class=\"col-inner\">\n\t\t\t<a href=\"https:\/\/www.driveblue.be\/fr\/au-revoir-fiesta-lhistoire-de-lemblematique-fiesta\/\" class=\"plain\">\n\t\t\t\t<div class=\"box box-default box-text-bottom box-blog-post has-hover\">\n            \t\t\t\t\t<div class=\"box-image\" >\n  \t\t\t\t\t\t<div class=\"image-cover\" style=\"padding-top:150px;\">\n  \t\t\t\t\t\t\t<img loading=\"lazy\" decoding=\"async\" width=\"2560\" height=\"1710\" src=\"https:\/\/www.driveblue.be\/wp-content\/uploads\/2023\/03\/History_1976_fiesta_basis-scaled.jpg\" class=\"attachment-original size-original wp-post-image\" alt=\"Ford Fiesta 1976\" srcset=\"https:\/\/www.driveblue.be\/wp-content\/uploads\/2023\/03\/History_1976_fiesta_basis-scaled.jpg 2560w, https:\/\/www.driveblue.be\/wp-content\/uploads\/2023\/03\/History_1976_fiesta_basis-300x200.jpg 300w, https:\/\/www.driveblue.be\/wp-content\/uploads\/2023\/03\/History_1976_fiesta_basis-1024x684.jpg 1024w, https:\/\/www.driveblue.be\/wp-content\/uploads\/2023\/03\/History_1976_fiesta_basis-768x513.jpg 768w, https:\/\/www.driveblue.be\/wp-content\/uploads\/2023\/03\/History_1976_fiesta_basis-1536x1026.jpg 1536w, https:\/\/www.driveblue.be\/wp-content\/uploads\/2023\/03\/History_1976_fiesta_basis-2048x1368.jpg 2048w\" sizes=\"auto, (max-width: 2560px) 100vw, 2560px\" \/>  \t\t\t\t\t\t\t  \t\t\t\t\t\t\t  \t\t\t\t\t\t<\/div>\n  \t\t\t\t\t\t  \t\t\t\t\t<\/div>\n          \t\t\t\t\t<div class=\"box-text text-center\" >\n\t\t\t\t\t<div class=\"box-text-inner blog-post-inner\">\n\n\t\t\t\t\t\n\t\t\t\t\t\t\t\t\t\t<h5 class=\"post-title is-large \">Adieu Fiesta : l&#8217;histoire de la c\u00e9l\u00e8bre Ford<\/h5>\n\t\t\t\t\t\t\t\t\t\t<div class=\"is-divider\"><\/div>\n\t\t\t\t\t                    \n\t\t\t\t\t\n\t\t\t\t\t\n\t\t\t\t\t<\/div>\n\t\t\t\t\t<\/div>\n\t\t\t\t\t\t\t\t\t<\/div>\n\t\t\t\t<\/a>\n\t\t\t<\/div>\n\t\t<\/div><div class=\"col post-item\" data-animate=\"fadeInLeft\">\n\t\t\t<div class=\"col-inner\">\n\t\t\t<a href=\"https:\/\/www.driveblue.be\/fr\/vous-optez-pour-lelectrique-les-avantages-et-les-inconvenients-des-voitures-electriques-ford\/\" class=\"plain\">\n\t\t\t\t<div class=\"box box-default box-text-bottom box-blog-post has-hover\">\n            \t\t\t\t\t<div class=\"box-image\" >\n  \t\t\t\t\t\t<div class=\"image-cover\" style=\"padding-top:150px;\">\n  \t\t\t\t\t\t\t<img loading=\"lazy\" decoding=\"async\" width=\"2560\" height=\"1277\" src=\"https:\/\/www.driveblue.be\/wp-content\/uploads\/2023\/03\/All-New_Ford_E-Transit_15-scaled.jpg\" class=\"attachment-original size-original wp-post-image\" alt=\"All-Electric Ford E-Transit &amp; Mustang Mach-E\" srcset=\"https:\/\/www.driveblue.be\/wp-content\/uploads\/2023\/03\/All-New_Ford_E-Transit_15-scaled.jpg 2560w, https:\/\/www.driveblue.be\/wp-content\/uploads\/2023\/03\/All-New_Ford_E-Transit_15-300x150.jpg 300w, https:\/\/www.driveblue.be\/wp-content\/uploads\/2023\/03\/All-New_Ford_E-Transit_15-1024x511.jpg 1024w, https:\/\/www.driveblue.be\/wp-content\/uploads\/2023\/03\/All-New_Ford_E-Transit_15-768x383.jpg 768w, https:\/\/www.driveblue.be\/wp-content\/uploads\/2023\/03\/All-New_Ford_E-Transit_15-1536x766.jpg 1536w, https:\/\/www.driveblue.be\/wp-content\/uploads\/2023\/03\/All-New_Ford_E-Transit_15-2048x1022.jpg 2048w\" sizes=\"auto, (max-width: 2560px) 100vw, 2560px\" \/>  \t\t\t\t\t\t\t  \t\t\t\t\t\t\t  \t\t\t\t\t\t<\/div>\n  \t\t\t\t\t\t  \t\t\t\t\t<\/div>\n          \t\t\t\t\t<div class=\"box-text text-center\" >\n\t\t\t\t\t<div class=\"box-text-inner blog-post-inner\">\n\n\t\t\t\t\t\n\t\t\t\t\t\t\t\t\t\t<h5 class=\"post-title is-large \">Les avantages et inconv\u00e9nients des voitures \u00e9lectriques<\/h5>\n\t\t\t\t\t\t\t\t\t\t<div class=\"is-divider\"><\/div>\n\t\t\t\t\t                    \n\t\t\t\t\t\n\t\t\t\t\t\n\t\t\t\t\t<\/div>\n\t\t\t\t\t<\/div>\n\t\t\t\t\t\t\t\t\t<\/div>\n\t\t\t\t<\/a>\n\t\t\t<\/div>\n\t\t<\/div><div class=\"col post-item\" data-animate=\"fadeInLeft\">\n\t\t\t<div class=\"col-inner\">\n\t\t\t<a href=\"https:\/\/www.driveblue.be\/fr\/ford-bronco-le-vehicule-tout-terrain-par-excellence-debarque-en-europe\/\" class=\"plain\">\n\t\t\t\t<div class=\"box box-default box-text-bottom box-blog-post has-hover\">\n            \t\t\t\t\t<div class=\"box-image\" >\n  \t\t\t\t\t\t<div class=\"image-cover\" style=\"padding-top:150px;\">\n  \t\t\t\t\t\t\t<img loading=\"lazy\" decoding=\"async\" width=\"2560\" height=\"1707\" src=\"https:\/\/www.driveblue.be\/wp-content\/uploads\/2023\/03\/FordBronco_HPRed_Dynamic_1-scaled.jpg\" class=\"attachment-original size-original wp-post-image\" alt=\"Ford Bronco 2023\" srcset=\"https:\/\/www.driveblue.be\/wp-content\/uploads\/2023\/03\/FordBronco_HPRed_Dynamic_1-scaled.jpg 2560w, https:\/\/www.driveblue.be\/wp-content\/uploads\/2023\/03\/FordBronco_HPRed_Dynamic_1-300x200.jpg 300w, https:\/\/www.driveblue.be\/wp-content\/uploads\/2023\/03\/FordBronco_HPRed_Dynamic_1-1024x683.jpg 1024w, https:\/\/www.driveblue.be\/wp-content\/uploads\/2023\/03\/FordBronco_HPRed_Dynamic_1-768x512.jpg 768w, https:\/\/www.driveblue.be\/wp-content\/uploads\/2023\/03\/FordBronco_HPRed_Dynamic_1-1536x1024.jpg 1536w, https:\/\/www.driveblue.be\/wp-content\/uploads\/2023\/03\/FordBronco_HPRed_Dynamic_1-2048x1366.jpg 2048w\" sizes=\"auto, (max-width: 2560px) 100vw, 2560px\" \/>  \t\t\t\t\t\t\t  \t\t\t\t\t\t\t  \t\t\t\t\t\t<\/div>\n  \t\t\t\t\t\t  \t\t\t\t\t<\/div>\n          \t\t\t\t\t<div class=\"box-text text-center\" >\n\t\t\t\t\t<div class=\"box-text-inner blog-post-inner\">\n\n\t\t\t\t\t\n\t\t\t\t\t\t\t\t\t\t<h5 class=\"post-title is-large \">Ford Bronco : le v\u00e9hicule tout-terrain par excellence d\u00e9barque en Europe<\/h5>\n\t\t\t\t\t\t\t\t\t\t<div class=\"is-divider\"><\/div>\n\t\t\t\t\t                    \n\t\t\t\t\t\n\t\t\t\t\t\n\t\t\t\t\t<\/div>\n\t\t\t\t\t<\/div>\n\t\t\t\t\t\t\t\t\t<\/div>\n\t\t\t\t<\/a>\n\t\t\t<\/div>\n\t\t<\/div><\/div>\n","protected":false},"excerpt":{"rendered":"<p>Le l\u00e9gendaire Ford Bronco est de retour et pr\u00eat \u00e0 conqu\u00e9rir le march\u00e9 europ\u00e9en. De SUV, die oorspronkelijk werd gelanceerd in 1965 en werd geproduceerd tot 1996, is opnieuw ontworpen voor het moderne tijdperk met een groot aantal spannende functies en mogelijkheden. Dit is wat u kunt verwachten van de nieuwe Ford Bronco:<\/p>\n","protected":false},"author":17,"featured_media":8116,"comment_status":"closed","ping_status":"open","sticky":false,"template":"","format":"standard","meta":{"footnotes":""},"categories":[20],"tags":[72,71,62],"class_list":["post-8134","post","type-post","status-publish","format-standard","has-post-thumbnail","hentry","category-actualite","tag-4x4-fr","tag-bronco-fr","tag-ford-fr"],"acf":[],"yoast_head":"<!-- This site is optimized with the Yoast SEO plugin v20.12 - https:\/\/yoast.com\/wordpress\/plugins\/seo\/ -->\n<title>Ford Bronco : le v\u00e9hicule tout-terrain par excellence d\u00e9barque en Europe - DriveBlue<\/title>\n<meta name=\"description\" content=\"Le l\u00e9gendaire Ford Bronco est de retour et pr\u00eat \u00e0 conqu\u00e9rir le march\u00e9 europ\u00e9en ! Avec une technologie 4x4 avanc\u00e9e et des options de moteur puissantes.\" \/>\n<meta name=\"robots\" content=\"index, follow, max-snippet:-1, max-image-preview:large, max-video-preview:-1\" \/>\n<link rel=\"canonical\" href=\"https:\/\/www.driveblue.be\/fr\/ford-bronco-le-vehicule-tout-terrain-par-excellence-debarque-en-europe\/\" \/>\n<meta property=\"og:locale\" content=\"fr_FR\" \/>\n<meta property=\"og:type\" content=\"article\" \/>\n<meta property=\"og:title\" content=\"Ford Bronco : le v\u00e9hicule tout-terrain par excellence d\u00e9barque en Europe - DriveBlue\" \/>\n<meta property=\"og:description\" content=\"Le l\u00e9gendaire Ford Bronco est de retour et pr\u00eat \u00e0 conqu\u00e9rir le march\u00e9 europ\u00e9en ! Avec une technologie 4x4 avanc\u00e9e et des options de moteur puissantes.\" \/>\n<meta property=\"og:url\" content=\"https:\/\/www.driveblue.be\/fr\/ford-bronco-le-vehicule-tout-terrain-par-excellence-debarque-en-europe\/\" \/>\n<meta property=\"og:site_name\" content=\"DriveBlue\" \/>\n<meta property=\"article:published_time\" content=\"2023-03-20T16:24:51+00:00\" \/>\n<meta property=\"article:modified_time\" content=\"2023-03-23T15:34:32+00:00\" \/>\n<meta property=\"og:image\" content=\"https:\/\/www.driveblue.be\/wp-content\/uploads\/2023\/03\/FordBronco_HPRed_Dynamic_1-scaled.jpg\" \/>\n\t<meta property=\"og:image:width\" content=\"2560\" \/>\n\t<meta property=\"og:image:height\" content=\"1707\" \/>\n\t<meta property=\"og:image:type\" content=\"image\/jpeg\" \/>\n<meta name=\"author\" content=\"Sven\" \/>\n<meta name=\"twitter:card\" content=\"summary_large_image\" \/>\n<meta name=\"twitter:label1\" content=\"\u00c9crit par\" \/>\n\t<meta name=\"twitter:data1\" content=\"Sven\" \/>\n\t<meta name=\"twitter:label2\" content=\"Dur\u00e9e de lecture est.\" \/>\n\t<meta name=\"twitter:data2\" content=\"3 minutes\" \/>\n<script type=\"application\/ld+json\" class=\"yoast-schema-graph\">{\"@context\":\"https:\/\/schema.org\",\"@graph\":[{\"@type\":\"WebPage\",\"@id\":\"https:\/\/www.driveblue.be\/fr\/ford-bronco-le-vehicule-tout-terrain-par-excellence-debarque-en-europe\/\",\"url\":\"https:\/\/www.driveblue.be\/fr\/ford-bronco-le-vehicule-tout-terrain-par-excellence-debarque-en-europe\/\",\"name\":\"Ford Bronco : le v\u00e9hicule tout-terrain par excellence d\u00e9barque en Europe - DriveBlue\",\"isPartOf\":{\"@id\":\"https:\/\/www.driveblue.be\/fr\/#website\"},\"datePublished\":\"2023-03-20T16:24:51+00:00\",\"dateModified\":\"2023-03-23T15:34:32+00:00\",\"author\":{\"@id\":\"https:\/\/www.driveblue.be\/fr\/#\/schema\/person\/2f2e50a1154f45f0b869427a2ae4c309\"},\"description\":\"Le l\u00e9gendaire Ford Bronco est de retour et pr\u00eat \u00e0 conqu\u00e9rir le march\u00e9 europ\u00e9en ! Avec une technologie 4x4 avanc\u00e9e et des options de moteur puissantes.\",\"breadcrumb\":{\"@id\":\"https:\/\/www.driveblue.be\/fr\/ford-bronco-le-vehicule-tout-terrain-par-excellence-debarque-en-europe\/#breadcrumb\"},\"inLanguage\":\"fr-BE\",\"potentialAction\":[{\"@type\":\"ReadAction\",\"target\":[\"https:\/\/www.driveblue.be\/fr\/ford-bronco-le-vehicule-tout-terrain-par-excellence-debarque-en-europe\/\"]}]},{\"@type\":\"BreadcrumbList\",\"@id\":\"https:\/\/www.driveblue.be\/fr\/ford-bronco-le-vehicule-tout-terrain-par-excellence-debarque-en-europe\/#breadcrumb\",\"itemListElement\":[{\"@type\":\"ListItem\",\"position\":1,\"name\":\"Home\",\"item\":\"https:\/\/www.driveblue.be\/fr\/\"},{\"@type\":\"ListItem\",\"position\":2,\"name\":\"Ford Bronco : le v\u00e9hicule tout-terrain par excellence d\u00e9barque en Europe\"}]},{\"@type\":\"WebSite\",\"@id\":\"https:\/\/www.driveblue.be\/fr\/#website\",\"url\":\"https:\/\/www.driveblue.be\/fr\/\",\"name\":\"DriveBlue\",\"description\":\"\",\"potentialAction\":[{\"@type\":\"SearchAction\",\"target\":{\"@type\":\"EntryPoint\",\"urlTemplate\":\"https:\/\/www.driveblue.be\/fr\/?s={search_term_string}\"},\"query-input\":\"required name=search_term_string\"}],\"inLanguage\":\"fr-BE\"},{\"@type\":\"Person\",\"@id\":\"https:\/\/www.driveblue.be\/fr\/#\/schema\/person\/2f2e50a1154f45f0b869427a2ae4c309\",\"name\":\"Sven\",\"image\":{\"@type\":\"ImageObject\",\"inLanguage\":\"fr-BE\",\"@id\":\"https:\/\/www.driveblue.be\/fr\/#\/schema\/person\/image\/\",\"url\":\"https:\/\/secure.gravatar.com\/avatar\/203da86f8066b477c5f42ba122b9ed1dcd0bf1cf1458f139822175b43328cc8c?s=96&d=mm&r=g\",\"contentUrl\":\"https:\/\/secure.gravatar.com\/avatar\/203da86f8066b477c5f42ba122b9ed1dcd0bf1cf1458f139822175b43328cc8c?s=96&d=mm&r=g\",\"caption\":\"Sven\"},\"url\":\"https:\/\/www.driveblue.be\"}]}<\/script>\n<!-- \/ Yoast SEO plugin. -->","yoast_head_json":{"title":"Ford Bronco : le v\u00e9hicule tout-terrain par excellence d\u00e9barque en Europe - DriveBlue","description":"Le l\u00e9gendaire Ford Bronco est de retour et pr\u00eat \u00e0 conqu\u00e9rir le march\u00e9 europ\u00e9en ! Avec une technologie 4x4 avanc\u00e9e et des options de moteur puissantes.","robots":{"index":"index","follow":"follow","max-snippet":"max-snippet:-1","max-image-preview":"max-image-preview:large","max-video-preview":"max-video-preview:-1"},"canonical":"https:\/\/www.driveblue.be\/fr\/ford-bronco-le-vehicule-tout-terrain-par-excellence-debarque-en-europe\/","og_locale":"fr_FR","og_type":"article","og_title":"Ford Bronco : le v\u00e9hicule tout-terrain par excellence d\u00e9barque en Europe - DriveBlue","og_description":"Le l\u00e9gendaire Ford Bronco est de retour et pr\u00eat \u00e0 conqu\u00e9rir le march\u00e9 europ\u00e9en ! Avec une technologie 4x4 avanc\u00e9e et des options de moteur puissantes.","og_url":"https:\/\/www.driveblue.be\/fr\/ford-bronco-le-vehicule-tout-terrain-par-excellence-debarque-en-europe\/","og_site_name":"DriveBlue","article_published_time":"2023-03-20T16:24:51+00:00","article_modified_time":"2023-03-23T15:34:32+00:00","og_image":[{"width":2560,"height":1707,"url":"https:\/\/www.driveblue.be\/wp-content\/uploads\/2023\/03\/FordBronco_HPRed_Dynamic_1-scaled.jpg","type":"image\/jpeg"}],"author":"Sven","twitter_card":"summary_large_image","twitter_misc":{"\u00c9crit par":"Sven","Dur\u00e9e de lecture est.":"3 minutes"},"schema":{"@context":"https:\/\/schema.org","@graph":[{"@type":"WebPage","@id":"https:\/\/www.driveblue.be\/fr\/ford-bronco-le-vehicule-tout-terrain-par-excellence-debarque-en-europe\/","url":"https:\/\/www.driveblue.be\/fr\/ford-bronco-le-vehicule-tout-terrain-par-excellence-debarque-en-europe\/","name":"Ford Bronco : le v\u00e9hicule tout-terrain par excellence d\u00e9barque en Europe - DriveBlue","isPartOf":{"@id":"https:\/\/www.driveblue.be\/fr\/#website"},"datePublished":"2023-03-20T16:24:51+00:00","dateModified":"2023-03-23T15:34:32+00:00","author":{"@id":"https:\/\/www.driveblue.be\/fr\/#\/schema\/person\/2f2e50a1154f45f0b869427a2ae4c309"},"description":"Le l\u00e9gendaire Ford Bronco est de retour et pr\u00eat \u00e0 conqu\u00e9rir le march\u00e9 europ\u00e9en ! Avec une technologie 4x4 avanc\u00e9e et des options de moteur puissantes.","breadcrumb":{"@id":"https:\/\/www.driveblue.be\/fr\/ford-bronco-le-vehicule-tout-terrain-par-excellence-debarque-en-europe\/#breadcrumb"},"inLanguage":"fr-BE","potentialAction":[{"@type":"ReadAction","target":["https:\/\/www.driveblue.be\/fr\/ford-bronco-le-vehicule-tout-terrain-par-excellence-debarque-en-europe\/"]}]},{"@type":"BreadcrumbList","@id":"https:\/\/www.driveblue.be\/fr\/ford-bronco-le-vehicule-tout-terrain-par-excellence-debarque-en-europe\/#breadcrumb","itemListElement":[{"@type":"ListItem","position":1,"name":"Home","item":"https:\/\/www.driveblue.be\/fr\/"},{"@type":"ListItem","position":2,"name":"Ford Bronco : le v\u00e9hicule tout-terrain par excellence d\u00e9barque en Europe"}]},{"@type":"WebSite","@id":"https:\/\/www.driveblue.be\/fr\/#website","url":"https:\/\/www.driveblue.be\/fr\/","name":"DriveBlue","description":"","potentialAction":[{"@type":"SearchAction","target":{"@type":"EntryPoint","urlTemplate":"https:\/\/www.driveblue.be\/fr\/?s={search_term_string}"},"query-input":"required name=search_term_string"}],"inLanguage":"fr-BE"},{"@type":"Person","@id":"https:\/\/www.driveblue.be\/fr\/#\/schema\/person\/2f2e50a1154f45f0b869427a2ae4c309","name":"Sven","image":{"@type":"ImageObject","inLanguage":"fr-BE","@id":"https:\/\/www.driveblue.be\/fr\/#\/schema\/person\/image\/","url":"https:\/\/secure.gravatar.com\/avatar\/203da86f8066b477c5f42ba122b9ed1dcd0bf1cf1458f139822175b43328cc8c?s=96&d=mm&r=g","contentUrl":"https:\/\/secure.gravatar.com\/avatar\/203da86f8066b477c5f42ba122b9ed1dcd0bf1cf1458f139822175b43328cc8c?s=96&d=mm&r=g","caption":"Sven"},"url":"https:\/\/www.driveblue.be"}]}},"_links":{"self":[{"href":"https:\/\/www.driveblue.be\/fr\/wp-json\/wp\/v2\/posts\/8134","targetHints":{"allow":["GET"]}}],"collection":[{"href":"https:\/\/www.driveblue.be\/fr\/wp-json\/wp\/v2\/posts"}],"about":[{"href":"https:\/\/www.driveblue.be\/fr\/wp-json\/wp\/v2\/types\/post"}],"author":[{"embeddable":true,"href":"https:\/\/www.driveblue.be\/fr\/wp-json\/wp\/v2\/users\/17"}],"replies":[{"embeddable":true,"href":"https:\/\/www.driveblue.be\/fr\/wp-json\/wp\/v2\/comments?post=8134"}],"version-history":[{"count":19,"href":"https:\/\/www.driveblue.be\/fr\/wp-json\/wp\/v2\/posts\/8134\/revisions"}],"predecessor-version":[{"id":8306,"href":"https:\/\/www.driveblue.be\/fr\/wp-json\/wp\/v2\/posts\/8134\/revisions\/8306"}],"wp:featuredmedia":[{"embeddable":true,"href":"https:\/\/www.driveblue.be\/fr\/wp-json\/wp\/v2\/media\/8116"}],"wp:attachment":[{"href":"https:\/\/www.driveblue.be\/fr\/wp-json\/wp\/v2\/media?parent=8134"}],"wp:term":[{"taxonomy":"category","embeddable":true,"href":"https:\/\/www.driveblue.be\/fr\/wp-json\/wp\/v2\/categories?post=8134"},{"taxonomy":"post_tag","embeddable":true,"href":"https:\/\/www.driveblue.be\/fr\/wp-json\/wp\/v2\/tags?post=8134"}],"curies":[{"name":"wp","href":"https:\/\/api.w.org\/{rel}","templated":true}]}}