{"id":8379,"date":"2023-04-11T14:36:28","date_gmt":"2023-04-11T12:36:28","guid":{"rendered":"https:\/\/www.driveblue.be\/ford-pro-devoile-le-transit-courier\/"},"modified":"2023-04-13T11:51:45","modified_gmt":"2023-04-13T09:51:45","slug":"ford-pro-devoile-le-transit-courier","status":"publish","type":"post","link":"https:\/\/www.driveblue.be\/fr\/ford-pro-devoile-le-transit-courier\/","title":{"rendered":"Ford Pro d\u00e9voile l&#8217;E-Transit Courier pour 2024"},"content":{"rendered":"\n<p><strong>Ford Pro a d\u00e9voil\u00e9 aujourd&#8217;hui l&#8217;E-Transit Courier, un tout nouveau v\u00e9hicule utilitaire enti\u00e8rement \u00e9lectrique con\u00e7u pour offrir aux clients de v\u00e9hicules utilitaires compacts une connectivit\u00e9 et une productivit\u00e9 accrues. Ce nouveau v\u00e9hicule vient compl\u00e9ter la gamme de fourgons \u00e9lectriques et connect\u00e9s innovants de Ford Pro. Dans cet article, vous d\u00e9couvrirez les principales caract\u00e9ristiques de l&#8217;E-Transit Courier. <\/strong><\/p>\n<h4><strong>Am\u00e9lioration de la connectivit\u00e9<\/strong><\/h4>\n<p>L&#8217;E-Transit Courier est enti\u00e8rement int\u00e9gr\u00e9 \u00e0 la plateforme de logiciels et de services connect\u00e9s de <a href=\"https:\/\/www.nl.ford.be\/naverkoop\/onze-diensten\/over-fordpro\">Ford Pro<\/a> afin d&#8217;obtenir des op\u00e9rations plus efficaces. Ici, vous pouvez penser aux solutions de charge et aux outils de gestion de Ford Pro Software. La <a href=\"https:\/\/www.driveblue.be\/fr\/acheter-une-voiture\/?---Fourgon%20tole\">voiture de fonction<\/a> offre ainsi une assistance enti\u00e8rement connect\u00e9e, ce qui am\u00e9liore encore la productivit\u00e9 de l&#8217;entreprise.<\/p>\n<h4><strong>Fonctionnalit\u00e9s nouvelles et am\u00e9lior\u00e9es<\/strong><\/h4>\n<p>Le E-Transit Courier a \u00e9t\u00e9 enti\u00e8rement redessin\u00e9. Le v\u00e9hicule commercial a \u00e9t\u00e9 con\u00e7u autour d&#8217;un espace de chargement plus grand et plus flexible, offrant 25 % de volume de chargement en plus que le mod\u00e8le pr\u00e9c\u00e9dent. En outre, le E-Transit Courier offre une meilleure capacit\u00e9, y compris une charge utile accrue et un espace pour deux europalettes. Le E-Transit Courier convient donc \u00e0 diff\u00e9rents types d&#8217;entreprises.<\/p>\n<h4><strong>Performance \u00e9lectrique<\/strong><\/h4>\n<p>Dans le cadre de l&#8217;investissement mondial de Ford de plus de 50 milliards de dollars dans l&#8217;<a href=\"https:\/\/www.driveblue.be\/fr\/vous-optez-pour-lelectrique-les-avantages-et-les-inconvenients-des-voitures-electriques-ford\/\">\u00e9lectrification de ses v\u00e9hicules<\/a>, l&#8217;E-Transit Courier est la prochaine \u00e9tape de l&#8217;\u00e9lectrification de l&#8217;embl\u00e9matique <a href=\"https:\/\/www.driveblue.be\/fr\/acheter-une-voiture\/?---Fourgon%20tole\">famille de v\u00e9hicules commerciaux Transit<\/a>. Ce mod\u00e8le \u00e9lectrique offre des performances \u00e9lectriques simples et est id\u00e9al pour les entreprises \u00e0 la recherche d&#8217;une voiture de soci\u00e9t\u00e9 \u00e9cologique et efficace.<\/p>\n<h4><strong>Ford Pro E-Telematics et FORDLiive<\/strong><\/h4>\n<p>Le E-Transit Courier est livr\u00e9 avec une assistance enti\u00e8rement connect\u00e9e, y compris Ford Pro E-Telematics et FORDLiive, qui offrent des capacit\u00e9s d&#8217;am\u00e9lioration du temps de travail. Cela signifie que les clients de Ford Pro, qui sont depuis longtemps les leaders du march\u00e9 des v\u00e9hicules commerciaux, peuvent b\u00e9n\u00e9ficier de plus de connectivit\u00e9 et de capacit\u00e9s que jamais auparavant.<\/p>\n<h4><strong>Disponibilit\u00e9<\/strong><\/h4>\n<p>Le E-Transit Courier sera pr\u00e9sent\u00e9 pour la premi\u00e8re fois au Commercial Vehicle Show de Birmingham, au Royaume-Uni, du 18 au 20 avril. Le v\u00e9hicule commercial entrera en production plus tard, en 2024. Cependant, les clients peuvent commander les versions essence et diesel du Transit Courier aupr\u00e8s de <a href=\"https:\/\/www.driveblue.be\/fr\/contact\/\">leur concessionnaire Ford le plus proche<\/a> \u00e0 partir de l&#8217;\u00e9t\u00e9 2023, qui seront livr\u00e9es avant la fin de l&#8217;ann\u00e9e.<\/p>\n<div class=\"row\"  id=\"row-275255056\">\n\n\n\t<div id=\"col-860013187\" class=\"col medium-8 small-12 large-8\"  >\n\t\t\t\t<div class=\"col-inner\"  >\n\t\t\t\n\t\t\t\n\n\t<div class=\"img has-hover x md-x lg-x y md-y lg-y\" id=\"image_1338890903\">\n\t\t\t\t\t\t\t\t<div class=\"img-inner image-cover dark\" style=\"padding-top:56.25%;\">\n\t\t\t<img loading=\"lazy\" decoding=\"async\" width=\"1020\" height=\"637\" src=\"https:\/\/www.driveblue.be\/wp-content\/uploads\/2023\/04\/2023_FORD_E-TRANSIT_COURIER_EXTERIOR_02-1024x639.jpg\" class=\"attachment-large size-large\" alt=\"E-Transit Courier 2023\" srcset=\"https:\/\/www.driveblue.be\/wp-content\/uploads\/2023\/04\/2023_FORD_E-TRANSIT_COURIER_EXTERIOR_02-1024x639.jpg 1024w, https:\/\/www.driveblue.be\/wp-content\/uploads\/2023\/04\/2023_FORD_E-TRANSIT_COURIER_EXTERIOR_02-300x187.jpg 300w, https:\/\/www.driveblue.be\/wp-content\/uploads\/2023\/04\/2023_FORD_E-TRANSIT_COURIER_EXTERIOR_02-768x480.jpg 768w, https:\/\/www.driveblue.be\/wp-content\/uploads\/2023\/04\/2023_FORD_E-TRANSIT_COURIER_EXTERIOR_02-1536x959.jpg 1536w, https:\/\/www.driveblue.be\/wp-content\/uploads\/2023\/04\/2023_FORD_E-TRANSIT_COURIER_EXTERIOR_02-2048x1279.jpg 2048w\" sizes=\"auto, (max-width: 1020px) 100vw, 1020px\" \/>\t\t\t\t\t\t\n\t\t\t\t\t<\/div>\n\t\t\t\t\t\t\t\t\n<style>\n#image_1338890903 {\n  width: 100%;\n}\n<\/style>\n\t<\/div>\n\t\n\n\n\t\t<\/div>\n\t\t\t\t\t<\/div>\n\n\t\n\n\t<div id=\"col-1380119049\" class=\"col medium-4 small-12 large-4\"  >\n\t\t\t\t<div class=\"col-inner\"  >\n\t\t\t\n\t\t\t\n\n\t<div class=\"img has-hover x md-x lg-x y md-y lg-y\" id=\"image_1467776822\">\n\t\t\t\t\t\t\t\t<div class=\"img-inner dark\" >\n\t\t\t<img loading=\"lazy\" decoding=\"async\" width=\"819\" height=\"1024\" src=\"https:\/\/www.driveblue.be\/wp-content\/uploads\/2023\/04\/02-819x1024.png\" class=\"attachment-large size-large\" alt=\"\" srcset=\"https:\/\/www.driveblue.be\/wp-content\/uploads\/2023\/04\/02-819x1024.png 819w, https:\/\/www.driveblue.be\/wp-content\/uploads\/2023\/04\/02-240x300.png 240w, https:\/\/www.driveblue.be\/wp-content\/uploads\/2023\/04\/02-768x960.png 768w, https:\/\/www.driveblue.be\/wp-content\/uploads\/2023\/04\/02-1229x1536.png 1229w, https:\/\/www.driveblue.be\/wp-content\/uploads\/2023\/04\/02-1638x2048.png 1638w, https:\/\/www.driveblue.be\/wp-content\/uploads\/2023\/04\/02.png 2000w\" sizes=\"auto, (max-width: 819px) 100vw, 819px\" \/>\t\t\t\t\t\t\n\t\t\t\t\t<\/div>\n\t\t\t\t\t\t\t\t\n<style>\n#image_1467776822 {\n  width: 94%;\n}\n<\/style>\n\t<\/div>\n\t\n\n\n\t\t<\/div>\n\t\t\t\t\t<\/div>\n\n\t\n\n<\/div>\n","protected":false},"excerpt":{"rendered":"","protected":false},"author":17,"featured_media":8366,"comment_status":"closed","ping_status":"open","sticky":false,"template":"","format":"standard","meta":{"footnotes":""},"categories":[20],"tags":[74,60,61,62],"class_list":["post-8379","post","type-post","status-publish","format-standard","has-post-thumbnail","hentry","category-actualite","tag-courier-fr","tag-e-transit-fr-2","tag-electric-fr","tag-ford-fr"],"acf":[],"yoast_head":"<!-- This site is optimized with the Yoast SEO plugin v20.12 - https:\/\/yoast.com\/wordpress\/plugins\/seo\/ -->\n<title>Ford Pro d\u00e9voile l&#039;E-Transit Courier pour 2024 - DriveBlue<\/title>\n<meta name=\"description\" content=\"Ford Pro a d\u00e9voil\u00e9 aujourd&#039;hui l&#039;E-Transit Courier, un tout nouveau v\u00e9hicule utilitaire enti\u00e8rement \u00e9lectrique disponible \u00e0 partir de 2024.\" \/>\n<meta name=\"robots\" content=\"index, follow, max-snippet:-1, max-image-preview:large, max-video-preview:-1\" \/>\n<link rel=\"canonical\" href=\"https:\/\/www.driveblue.be\/fr\/ford-pro-devoile-le-transit-courier\/\" \/>\n<meta property=\"og:locale\" content=\"fr_FR\" \/>\n<meta property=\"og:type\" content=\"article\" \/>\n<meta property=\"og:title\" content=\"Ford Pro d\u00e9voile l&#039;E-Transit Courier pour 2024 - DriveBlue\" \/>\n<meta property=\"og:description\" content=\"Ford Pro a d\u00e9voil\u00e9 aujourd&#039;hui l&#039;E-Transit Courier, un tout nouveau v\u00e9hicule utilitaire enti\u00e8rement \u00e9lectrique disponible \u00e0 partir de 2024.\" \/>\n<meta property=\"og:url\" content=\"https:\/\/www.driveblue.be\/fr\/ford-pro-devoile-le-transit-courier\/\" \/>\n<meta property=\"og:site_name\" content=\"DriveBlue\" \/>\n<meta property=\"article:published_time\" content=\"2023-04-11T12:36:28+00:00\" \/>\n<meta property=\"article:modified_time\" content=\"2023-04-13T09:51:45+00:00\" \/>\n<meta property=\"og:image\" content=\"https:\/\/www.driveblue.be\/wp-content\/uploads\/2023\/04\/e-transit-courier-pic.jpg\" \/>\n\t<meta property=\"og:image:width\" content=\"2175\" \/>\n\t<meta property=\"og:image:height\" content=\"1372\" \/>\n\t<meta property=\"og:image:type\" content=\"image\/jpeg\" \/>\n<meta name=\"author\" content=\"Sven\" \/>\n<meta name=\"twitter:card\" content=\"summary_large_image\" \/>\n<meta name=\"twitter:label1\" content=\"\u00c9crit par\" \/>\n\t<meta name=\"twitter:data1\" content=\"Sven\" \/>\n\t<meta name=\"twitter:label2\" content=\"Dur\u00e9e de lecture est.\" \/>\n\t<meta name=\"twitter:data2\" content=\"2 minutes\" \/>\n<script type=\"application\/ld+json\" class=\"yoast-schema-graph\">{\"@context\":\"https:\/\/schema.org\",\"@graph\":[{\"@type\":\"WebPage\",\"@id\":\"https:\/\/www.driveblue.be\/fr\/ford-pro-devoile-le-transit-courier\/\",\"url\":\"https:\/\/www.driveblue.be\/fr\/ford-pro-devoile-le-transit-courier\/\",\"name\":\"Ford Pro d\u00e9voile l'E-Transit Courier pour 2024 - DriveBlue\",\"isPartOf\":{\"@id\":\"https:\/\/www.driveblue.be\/fr\/#website\"},\"datePublished\":\"2023-04-11T12:36:28+00:00\",\"dateModified\":\"2023-04-13T09:51:45+00:00\",\"author\":{\"@id\":\"https:\/\/www.driveblue.be\/fr\/#\/schema\/person\/2f2e50a1154f45f0b869427a2ae4c309\"},\"description\":\"Ford Pro a d\u00e9voil\u00e9 aujourd'hui l'E-Transit Courier, un tout nouveau v\u00e9hicule utilitaire enti\u00e8rement \u00e9lectrique disponible \u00e0 partir de 2024.\",\"breadcrumb\":{\"@id\":\"https:\/\/www.driveblue.be\/fr\/ford-pro-devoile-le-transit-courier\/#breadcrumb\"},\"inLanguage\":\"fr-BE\",\"potentialAction\":[{\"@type\":\"ReadAction\",\"target\":[\"https:\/\/www.driveblue.be\/fr\/ford-pro-devoile-le-transit-courier\/\"]}]},{\"@type\":\"BreadcrumbList\",\"@id\":\"https:\/\/www.driveblue.be\/fr\/ford-pro-devoile-le-transit-courier\/#breadcrumb\",\"itemListElement\":[{\"@type\":\"ListItem\",\"position\":1,\"name\":\"Home\",\"item\":\"https:\/\/www.driveblue.be\/fr\/\"},{\"@type\":\"ListItem\",\"position\":2,\"name\":\"Ford Pro d\u00e9voile l&#8217;E-Transit Courier pour 2024\"}]},{\"@type\":\"WebSite\",\"@id\":\"https:\/\/www.driveblue.be\/fr\/#website\",\"url\":\"https:\/\/www.driveblue.be\/fr\/\",\"name\":\"DriveBlue\",\"description\":\"\",\"potentialAction\":[{\"@type\":\"SearchAction\",\"target\":{\"@type\":\"EntryPoint\",\"urlTemplate\":\"https:\/\/www.driveblue.be\/fr\/?s={search_term_string}\"},\"query-input\":\"required name=search_term_string\"}],\"inLanguage\":\"fr-BE\"},{\"@type\":\"Person\",\"@id\":\"https:\/\/www.driveblue.be\/fr\/#\/schema\/person\/2f2e50a1154f45f0b869427a2ae4c309\",\"name\":\"Sven\",\"image\":{\"@type\":\"ImageObject\",\"inLanguage\":\"fr-BE\",\"@id\":\"https:\/\/www.driveblue.be\/fr\/#\/schema\/person\/image\/\",\"url\":\"https:\/\/secure.gravatar.com\/avatar\/203da86f8066b477c5f42ba122b9ed1dcd0bf1cf1458f139822175b43328cc8c?s=96&d=mm&r=g\",\"contentUrl\":\"https:\/\/secure.gravatar.com\/avatar\/203da86f8066b477c5f42ba122b9ed1dcd0bf1cf1458f139822175b43328cc8c?s=96&d=mm&r=g\",\"caption\":\"Sven\"},\"url\":\"https:\/\/www.driveblue.be\"}]}<\/script>\n<!-- \/ Yoast SEO plugin. -->","yoast_head_json":{"title":"Ford Pro d\u00e9voile l'E-Transit Courier pour 2024 - DriveBlue","description":"Ford Pro a d\u00e9voil\u00e9 aujourd'hui l'E-Transit Courier, un tout nouveau v\u00e9hicule utilitaire enti\u00e8rement \u00e9lectrique disponible \u00e0 partir de 2024.","robots":{"index":"index","follow":"follow","max-snippet":"max-snippet:-1","max-image-preview":"max-image-preview:large","max-video-preview":"max-video-preview:-1"},"canonical":"https:\/\/www.driveblue.be\/fr\/ford-pro-devoile-le-transit-courier\/","og_locale":"fr_FR","og_type":"article","og_title":"Ford Pro d\u00e9voile l'E-Transit Courier pour 2024 - DriveBlue","og_description":"Ford Pro a d\u00e9voil\u00e9 aujourd'hui l'E-Transit Courier, un tout nouveau v\u00e9hicule utilitaire enti\u00e8rement \u00e9lectrique disponible \u00e0 partir de 2024.","og_url":"https:\/\/www.driveblue.be\/fr\/ford-pro-devoile-le-transit-courier\/","og_site_name":"DriveBlue","article_published_time":"2023-04-11T12:36:28+00:00","article_modified_time":"2023-04-13T09:51:45+00:00","og_image":[{"width":2175,"height":1372,"url":"https:\/\/www.driveblue.be\/wp-content\/uploads\/2023\/04\/e-transit-courier-pic.jpg","type":"image\/jpeg"}],"author":"Sven","twitter_card":"summary_large_image","twitter_misc":{"\u00c9crit par":"Sven","Dur\u00e9e de lecture est.":"2 minutes"},"schema":{"@context":"https:\/\/schema.org","@graph":[{"@type":"WebPage","@id":"https:\/\/www.driveblue.be\/fr\/ford-pro-devoile-le-transit-courier\/","url":"https:\/\/www.driveblue.be\/fr\/ford-pro-devoile-le-transit-courier\/","name":"Ford Pro d\u00e9voile l'E-Transit Courier pour 2024 - DriveBlue","isPartOf":{"@id":"https:\/\/www.driveblue.be\/fr\/#website"},"datePublished":"2023-04-11T12:36:28+00:00","dateModified":"2023-04-13T09:51:45+00:00","author":{"@id":"https:\/\/www.driveblue.be\/fr\/#\/schema\/person\/2f2e50a1154f45f0b869427a2ae4c309"},"description":"Ford Pro a d\u00e9voil\u00e9 aujourd'hui l'E-Transit Courier, un tout nouveau v\u00e9hicule utilitaire enti\u00e8rement \u00e9lectrique disponible \u00e0 partir de 2024.","breadcrumb":{"@id":"https:\/\/www.driveblue.be\/fr\/ford-pro-devoile-le-transit-courier\/#breadcrumb"},"inLanguage":"fr-BE","potentialAction":[{"@type":"ReadAction","target":["https:\/\/www.driveblue.be\/fr\/ford-pro-devoile-le-transit-courier\/"]}]},{"@type":"BreadcrumbList","@id":"https:\/\/www.driveblue.be\/fr\/ford-pro-devoile-le-transit-courier\/#breadcrumb","itemListElement":[{"@type":"ListItem","position":1,"name":"Home","item":"https:\/\/www.driveblue.be\/fr\/"},{"@type":"ListItem","position":2,"name":"Ford Pro d\u00e9voile l&#8217;E-Transit Courier pour 2024"}]},{"@type":"WebSite","@id":"https:\/\/www.driveblue.be\/fr\/#website","url":"https:\/\/www.driveblue.be\/fr\/","name":"DriveBlue","description":"","potentialAction":[{"@type":"SearchAction","target":{"@type":"EntryPoint","urlTemplate":"https:\/\/www.driveblue.be\/fr\/?s={search_term_string}"},"query-input":"required name=search_term_string"}],"inLanguage":"fr-BE"},{"@type":"Person","@id":"https:\/\/www.driveblue.be\/fr\/#\/schema\/person\/2f2e50a1154f45f0b869427a2ae4c309","name":"Sven","image":{"@type":"ImageObject","inLanguage":"fr-BE","@id":"https:\/\/www.driveblue.be\/fr\/#\/schema\/person\/image\/","url":"https:\/\/secure.gravatar.com\/avatar\/203da86f8066b477c5f42ba122b9ed1dcd0bf1cf1458f139822175b43328cc8c?s=96&d=mm&r=g","contentUrl":"https:\/\/secure.gravatar.com\/avatar\/203da86f8066b477c5f42ba122b9ed1dcd0bf1cf1458f139822175b43328cc8c?s=96&d=mm&r=g","caption":"Sven"},"url":"https:\/\/www.driveblue.be"}]}},"_links":{"self":[{"href":"https:\/\/www.driveblue.be\/fr\/wp-json\/wp\/v2\/posts\/8379","targetHints":{"allow":["GET"]}}],"collection":[{"href":"https:\/\/www.driveblue.be\/fr\/wp-json\/wp\/v2\/posts"}],"about":[{"href":"https:\/\/www.driveblue.be\/fr\/wp-json\/wp\/v2\/types\/post"}],"author":[{"embeddable":true,"href":"https:\/\/www.driveblue.be\/fr\/wp-json\/wp\/v2\/users\/17"}],"replies":[{"embeddable":true,"href":"https:\/\/www.driveblue.be\/fr\/wp-json\/wp\/v2\/comments?post=8379"}],"version-history":[{"count":5,"href":"https:\/\/www.driveblue.be\/fr\/wp-json\/wp\/v2\/posts\/8379\/revisions"}],"predecessor-version":[{"id":8385,"href":"https:\/\/www.driveblue.be\/fr\/wp-json\/wp\/v2\/posts\/8379\/revisions\/8385"}],"wp:featuredmedia":[{"embeddable":true,"href":"https:\/\/www.driveblue.be\/fr\/wp-json\/wp\/v2\/media\/8366"}],"wp:attachment":[{"href":"https:\/\/www.driveblue.be\/fr\/wp-json\/wp\/v2\/media?parent=8379"}],"wp:term":[{"taxonomy":"category","embeddable":true,"href":"https:\/\/www.driveblue.be\/fr\/wp-json\/wp\/v2\/categories?post=8379"},{"taxonomy":"post_tag","embeddable":true,"href":"https:\/\/www.driveblue.be\/fr\/wp-json\/wp\/v2\/tags?post=8379"}],"curies":[{"name":"wp","href":"https:\/\/api.w.org\/{rel}","templated":true}]}}