{"id":8452,"date":"2023-06-02T14:43:23","date_gmt":"2023-06-02T12:43:23","guid":{"rendered":"https:\/\/www.driveblue.be\/le-salon-physique-de-lautomobile-2024-annule-et-maintenant\/"},"modified":"2023-06-02T14:45:13","modified_gmt":"2023-06-02T12:45:13","slug":"le-salon-physique-de-lautomobile-2024-annule-et-maintenant","status":"publish","type":"post","link":"https:\/\/www.driveblue.be\/fr\/le-salon-physique-de-lautomobile-2024-annule-et-maintenant\/","title":{"rendered":"Le Salon de l&#8217;automobile 2024 annul\u00e9, et maintenant ?"},"content":{"rendered":"\n<h5><strong>Le Salon de l&#8217;auto 2024 ne sera pas un \u00e9v\u00e9nement physique cette ann\u00e9e. D\u00e9couvrez comment Ford peut encore vous offrir des conditions de salon et de bonnes affaires dans nos concessions. <\/strong><\/h5>\n<p>Le Salon de l&#8217;auto 2024 ne sera pas un \u00e9v\u00e9nement physique, a confirm\u00e9 la Febiac <a href=\"http:\/\/www.febiac.be\/public\/pressreleases.aspx?ID=1472&amp;lang=NL\">dans une annonce officielle<\/a>. Le conseil d&#8217;administration de Febiac a d\u00e9cid\u00e9 de ne pas organiser de salon automobile physique l&#8217;ann\u00e9e prochaine, en raison de son incapacit\u00e9 \u00e0 offrir aux visiteurs une exp\u00e9rience repr\u00e9sentative et de qualit\u00e9. Les exposants ne se sont pas montr\u00e9s unanimes pour investir plus longtemps dans le Salon, ce qui rend impossible la poursuite de l&#8217;\u00e9v\u00e9nement. <\/p>\n<div class=\"row\"  id=\"row-1519388362\">\n\n\n\t<div id=\"col-1724582565\" class=\"col medium-4 small-12 large-4\"  >\n\t\t\t\t<div class=\"col-inner\"  >\n\t\t\t\n\t\t\t\n\n\t<div class=\"img has-hover x md-x lg-x y md-y lg-y\" id=\"image_600661526\">\n\t\t\t\t\t\t\t\t<div class=\"img-inner dark\" >\n\t\t\t<img loading=\"lazy\" decoding=\"async\" width=\"1020\" height=\"1020\" src=\"https:\/\/www.driveblue.be\/wp-content\/uploads\/2023\/06\/DSC08399-1024x1024.jpg\" class=\"attachment-large size-large\" alt=\"Mustang Mach-E 2023\" srcset=\"https:\/\/www.driveblue.be\/wp-content\/uploads\/2023\/06\/DSC08399-1024x1024.jpg 1024w, https:\/\/www.driveblue.be\/wp-content\/uploads\/2023\/06\/DSC08399-300x300.jpg 300w, https:\/\/www.driveblue.be\/wp-content\/uploads\/2023\/06\/DSC08399-150x150.jpg 150w, https:\/\/www.driveblue.be\/wp-content\/uploads\/2023\/06\/DSC08399-768x768.jpg 768w, https:\/\/www.driveblue.be\/wp-content\/uploads\/2023\/06\/DSC08399-1536x1536.jpg 1536w, https:\/\/www.driveblue.be\/wp-content\/uploads\/2023\/06\/DSC08399.jpg 2000w\" sizes=\"auto, (max-width: 1020px) 100vw, 1020px\" \/>\t\t\t\t\t\t\n\t\t\t\t\t<\/div>\n\t\t\t\t\t\t\t\t\n<style>\n#image_600661526 {\n  width: 100%;\n}\n<\/style>\n\t<\/div>\n\t\n\n\n\t\t<\/div>\n\t\t\t\t\t<\/div>\n\n\t\n\n\t<div id=\"col-1279642173\" class=\"col medium-4 small-12 large-4\"  >\n\t\t\t\t<div class=\"col-inner\"  >\n\t\t\t\n\t\t\t\n\n\t<div class=\"img has-hover x md-x lg-x y md-y lg-y\" id=\"image_79995253\">\n\t\t\t\t\t\t\t\t<div class=\"img-inner image-cover dark\" style=\"padding-top:100%;\">\n\t\t\t<img loading=\"lazy\" decoding=\"async\" width=\"1020\" height=\"679\" src=\"https:\/\/www.driveblue.be\/wp-content\/uploads\/2023\/06\/DSC08392-1024x682.jpg\" class=\"attachment-large size-large\" alt=\"Ford Bronco autosalon 2023\" srcset=\"https:\/\/www.driveblue.be\/wp-content\/uploads\/2023\/06\/DSC08392-1024x682.jpg 1024w, https:\/\/www.driveblue.be\/wp-content\/uploads\/2023\/06\/DSC08392-300x200.jpg 300w, https:\/\/www.driveblue.be\/wp-content\/uploads\/2023\/06\/DSC08392-768x512.jpg 768w, https:\/\/www.driveblue.be\/wp-content\/uploads\/2023\/06\/DSC08392-1536x1024.jpg 1536w, https:\/\/www.driveblue.be\/wp-content\/uploads\/2023\/06\/DSC08392.jpg 2000w\" sizes=\"auto, (max-width: 1020px) 100vw, 1020px\" \/>\t\t\t\t\t\t\n\t\t\t\t\t<\/div>\n\t\t\t\t\t\t\t\t\n<style>\n#image_79995253 {\n  width: 100%;\n}\n<\/style>\n\t<\/div>\n\t\n\n\n\t\t<\/div>\n\t\t\t\t\t<\/div>\n\n\t\n\n\t<div id=\"col-1739239756\" class=\"col medium-4 small-12 large-4\"  >\n\t\t\t\t<div class=\"col-inner\"  >\n\t\t\t\n\t\t\t\n\n\t<div class=\"img has-hover x md-x lg-x y md-y lg-y\" id=\"image_1909662469\">\n\t\t\t\t\t\t\t\t<div class=\"img-inner dark\" >\n\t\t\t<img loading=\"lazy\" decoding=\"async\" width=\"1020\" height=\"1020\" src=\"https:\/\/www.driveblue.be\/wp-content\/uploads\/2023\/06\/DSC08388-1024x1024.jpg\" class=\"attachment-large size-large\" alt=\"Transit Custom 2023\" srcset=\"https:\/\/www.driveblue.be\/wp-content\/uploads\/2023\/06\/DSC08388-1024x1024.jpg 1024w, https:\/\/www.driveblue.be\/wp-content\/uploads\/2023\/06\/DSC08388-300x300.jpg 300w, https:\/\/www.driveblue.be\/wp-content\/uploads\/2023\/06\/DSC08388-150x150.jpg 150w, https:\/\/www.driveblue.be\/wp-content\/uploads\/2023\/06\/DSC08388-768x768.jpg 768w, https:\/\/www.driveblue.be\/wp-content\/uploads\/2023\/06\/DSC08388-1536x1536.jpg 1536w, https:\/\/www.driveblue.be\/wp-content\/uploads\/2023\/06\/DSC08388.jpg 2000w\" sizes=\"auto, (max-width: 1020px) 100vw, 1020px\" \/>\t\t\t\t\t\t\n\t\t\t\t\t<\/div>\n\t\t\t\t\t\t\t\t\n<style>\n#image_1909662469 {\n  width: 100%;\n}\n<\/style>\n\t<\/div>\n\t\n\n\n\t\t<\/div>\n\t\t\t\t\t<\/div>\n\n\t\n\n<\/div>\n<p>Chez Ford, en revanche, il y aura des conditions de salon <a href=\"https:\/\/www.driveblue.be\/fr\/contact\/\" target=\"_blank\" rel=\"noopener\">chez les distributeurs Ford<\/a>. En tant que partenaire fid\u00e8le du Salon de l&#8217;auto et dans le but d&#8217;offrir des avantages exceptionnels \u00e0 nos clients, nous veillons \u00e0 ce que les passionn\u00e9s d&#8217;automobile puissent toujours b\u00e9n\u00e9ficier d&#8217;offres sp\u00e9ciales et de promotions. Que vous soyez \u00e0 la recherche d&#8217;une nouvelle voiture de tourisme, d&#8217;un SUV ou d&#8217;un v\u00e9hicule utilitaire Ford, vous pouvez \u00eatre s\u00fbr que Ford vous proposera les meilleures offres et un excellent service \u00e0 la client\u00e8le. <\/p>\n<p>Restez \u00e0 l&#8217;\u00e9coute via notre site web et <a href=\"http:\/\/instagram.com\/driveblue.be\">nos canaux de m\u00e9dias sociaux<\/a> pour plus d&#8217;informations sur les conditions du salon de Ford.<\/p>\n\n","protected":false},"excerpt":{"rendered":"","protected":false},"author":17,"featured_media":8441,"comment_status":"closed","ping_status":"open","sticky":false,"template":"","format":"standard","meta":{"footnotes":""},"categories":[20],"tags":[56,78],"class_list":["post-8452","post","type-post","status-publish","format-standard","has-post-thumbnail","hentry","category-actualite","tag-ford","tag-salon-de-lauto"],"acf":[],"yoast_head":"<!-- This site is optimized with the Yoast SEO plugin v20.12 - https:\/\/yoast.com\/wordpress\/plugins\/seo\/ -->\n<title>Le Salon de l&#039;automobile 2024 annul\u00e9, et maintenant ? - DriveBlue<\/title>\n<meta name=\"description\" content=\"Bien que le salon de l&#039;automobile ait \u00e9t\u00e9 annul\u00e9, Ford veille \u00e0 ce que les amateurs de voitures puissent toujours profiter des conditions du salon.\" \/>\n<meta name=\"robots\" content=\"index, follow, max-snippet:-1, max-image-preview:large, max-video-preview:-1\" \/>\n<link rel=\"canonical\" href=\"https:\/\/www.driveblue.be\/fr\/le-salon-physique-de-lautomobile-2024-annule-et-maintenant\/\" \/>\n<meta property=\"og:locale\" content=\"fr_FR\" \/>\n<meta property=\"og:type\" content=\"article\" \/>\n<meta property=\"og:title\" content=\"Le Salon de l&#039;automobile 2024 annul\u00e9, et maintenant ? - DriveBlue\" \/>\n<meta property=\"og:description\" content=\"Bien que le salon de l&#039;automobile ait \u00e9t\u00e9 annul\u00e9, Ford veille \u00e0 ce que les amateurs de voitures puissent toujours profiter des conditions du salon.\" \/>\n<meta property=\"og:url\" content=\"https:\/\/www.driveblue.be\/fr\/le-salon-physique-de-lautomobile-2024-annule-et-maintenant\/\" \/>\n<meta property=\"og:site_name\" content=\"DriveBlue\" \/>\n<meta property=\"article:published_time\" content=\"2023-06-02T12:43:23+00:00\" \/>\n<meta property=\"article:modified_time\" content=\"2023-06-02T12:45:13+00:00\" \/>\n<meta property=\"og:image\" content=\"https:\/\/www.driveblue.be\/wp-content\/uploads\/2023\/06\/DSC08392.jpg\" \/>\n\t<meta property=\"og:image:width\" content=\"2000\" \/>\n\t<meta property=\"og:image:height\" content=\"1333\" \/>\n\t<meta property=\"og:image:type\" content=\"image\/jpeg\" \/>\n<meta name=\"author\" content=\"Sven\" \/>\n<meta name=\"twitter:card\" content=\"summary_large_image\" \/>\n<meta name=\"twitter:label1\" content=\"\u00c9crit par\" \/>\n\t<meta name=\"twitter:data1\" content=\"Sven\" \/>\n\t<meta name=\"twitter:label2\" content=\"Dur\u00e9e de lecture est.\" \/>\n\t<meta name=\"twitter:data2\" content=\"1 minute\" \/>\n<script type=\"application\/ld+json\" class=\"yoast-schema-graph\">{\"@context\":\"https:\/\/schema.org\",\"@graph\":[{\"@type\":\"WebPage\",\"@id\":\"https:\/\/www.driveblue.be\/fr\/le-salon-physique-de-lautomobile-2024-annule-et-maintenant\/\",\"url\":\"https:\/\/www.driveblue.be\/fr\/le-salon-physique-de-lautomobile-2024-annule-et-maintenant\/\",\"name\":\"Le Salon de l'automobile 2024 annul\u00e9, et maintenant ? - DriveBlue\",\"isPartOf\":{\"@id\":\"https:\/\/www.driveblue.be\/fr\/#website\"},\"datePublished\":\"2023-06-02T12:43:23+00:00\",\"dateModified\":\"2023-06-02T12:45:13+00:00\",\"author\":{\"@id\":\"https:\/\/www.driveblue.be\/fr\/#\/schema\/person\/2f2e50a1154f45f0b869427a2ae4c309\"},\"description\":\"Bien que le salon de l'automobile ait \u00e9t\u00e9 annul\u00e9, Ford veille \u00e0 ce que les amateurs de voitures puissent toujours profiter des conditions du salon.\",\"breadcrumb\":{\"@id\":\"https:\/\/www.driveblue.be\/fr\/le-salon-physique-de-lautomobile-2024-annule-et-maintenant\/#breadcrumb\"},\"inLanguage\":\"fr-BE\",\"potentialAction\":[{\"@type\":\"ReadAction\",\"target\":[\"https:\/\/www.driveblue.be\/fr\/le-salon-physique-de-lautomobile-2024-annule-et-maintenant\/\"]}]},{\"@type\":\"BreadcrumbList\",\"@id\":\"https:\/\/www.driveblue.be\/fr\/le-salon-physique-de-lautomobile-2024-annule-et-maintenant\/#breadcrumb\",\"itemListElement\":[{\"@type\":\"ListItem\",\"position\":1,\"name\":\"Home\",\"item\":\"https:\/\/www.driveblue.be\/fr\/\"},{\"@type\":\"ListItem\",\"position\":2,\"name\":\"Le Salon de l&#8217;automobile 2024 annul\u00e9, et maintenant ?\"}]},{\"@type\":\"WebSite\",\"@id\":\"https:\/\/www.driveblue.be\/fr\/#website\",\"url\":\"https:\/\/www.driveblue.be\/fr\/\",\"name\":\"DriveBlue\",\"description\":\"\",\"potentialAction\":[{\"@type\":\"SearchAction\",\"target\":{\"@type\":\"EntryPoint\",\"urlTemplate\":\"https:\/\/www.driveblue.be\/fr\/?s={search_term_string}\"},\"query-input\":\"required name=search_term_string\"}],\"inLanguage\":\"fr-BE\"},{\"@type\":\"Person\",\"@id\":\"https:\/\/www.driveblue.be\/fr\/#\/schema\/person\/2f2e50a1154f45f0b869427a2ae4c309\",\"name\":\"Sven\",\"image\":{\"@type\":\"ImageObject\",\"inLanguage\":\"fr-BE\",\"@id\":\"https:\/\/www.driveblue.be\/fr\/#\/schema\/person\/image\/\",\"url\":\"https:\/\/secure.gravatar.com\/avatar\/203da86f8066b477c5f42ba122b9ed1dcd0bf1cf1458f139822175b43328cc8c?s=96&d=mm&r=g\",\"contentUrl\":\"https:\/\/secure.gravatar.com\/avatar\/203da86f8066b477c5f42ba122b9ed1dcd0bf1cf1458f139822175b43328cc8c?s=96&d=mm&r=g\",\"caption\":\"Sven\"},\"url\":\"https:\/\/www.driveblue.be\"}]}<\/script>\n<!-- \/ Yoast SEO plugin. -->","yoast_head_json":{"title":"Le Salon de l'automobile 2024 annul\u00e9, et maintenant ? - DriveBlue","description":"Bien que le salon de l'automobile ait \u00e9t\u00e9 annul\u00e9, Ford veille \u00e0 ce que les amateurs de voitures puissent toujours profiter des conditions du salon.","robots":{"index":"index","follow":"follow","max-snippet":"max-snippet:-1","max-image-preview":"max-image-preview:large","max-video-preview":"max-video-preview:-1"},"canonical":"https:\/\/www.driveblue.be\/fr\/le-salon-physique-de-lautomobile-2024-annule-et-maintenant\/","og_locale":"fr_FR","og_type":"article","og_title":"Le Salon de l'automobile 2024 annul\u00e9, et maintenant ? - DriveBlue","og_description":"Bien que le salon de l'automobile ait \u00e9t\u00e9 annul\u00e9, Ford veille \u00e0 ce que les amateurs de voitures puissent toujours profiter des conditions du salon.","og_url":"https:\/\/www.driveblue.be\/fr\/le-salon-physique-de-lautomobile-2024-annule-et-maintenant\/","og_site_name":"DriveBlue","article_published_time":"2023-06-02T12:43:23+00:00","article_modified_time":"2023-06-02T12:45:13+00:00","og_image":[{"width":2000,"height":1333,"url":"https:\/\/www.driveblue.be\/wp-content\/uploads\/2023\/06\/DSC08392.jpg","type":"image\/jpeg"}],"author":"Sven","twitter_card":"summary_large_image","twitter_misc":{"\u00c9crit par":"Sven","Dur\u00e9e de lecture est.":"1 minute"},"schema":{"@context":"https:\/\/schema.org","@graph":[{"@type":"WebPage","@id":"https:\/\/www.driveblue.be\/fr\/le-salon-physique-de-lautomobile-2024-annule-et-maintenant\/","url":"https:\/\/www.driveblue.be\/fr\/le-salon-physique-de-lautomobile-2024-annule-et-maintenant\/","name":"Le Salon de l'automobile 2024 annul\u00e9, et maintenant ? - DriveBlue","isPartOf":{"@id":"https:\/\/www.driveblue.be\/fr\/#website"},"datePublished":"2023-06-02T12:43:23+00:00","dateModified":"2023-06-02T12:45:13+00:00","author":{"@id":"https:\/\/www.driveblue.be\/fr\/#\/schema\/person\/2f2e50a1154f45f0b869427a2ae4c309"},"description":"Bien que le salon de l'automobile ait \u00e9t\u00e9 annul\u00e9, Ford veille \u00e0 ce que les amateurs de voitures puissent toujours profiter des conditions du salon.","breadcrumb":{"@id":"https:\/\/www.driveblue.be\/fr\/le-salon-physique-de-lautomobile-2024-annule-et-maintenant\/#breadcrumb"},"inLanguage":"fr-BE","potentialAction":[{"@type":"ReadAction","target":["https:\/\/www.driveblue.be\/fr\/le-salon-physique-de-lautomobile-2024-annule-et-maintenant\/"]}]},{"@type":"BreadcrumbList","@id":"https:\/\/www.driveblue.be\/fr\/le-salon-physique-de-lautomobile-2024-annule-et-maintenant\/#breadcrumb","itemListElement":[{"@type":"ListItem","position":1,"name":"Home","item":"https:\/\/www.driveblue.be\/fr\/"},{"@type":"ListItem","position":2,"name":"Le Salon de l&#8217;automobile 2024 annul\u00e9, et maintenant ?"}]},{"@type":"WebSite","@id":"https:\/\/www.driveblue.be\/fr\/#website","url":"https:\/\/www.driveblue.be\/fr\/","name":"DriveBlue","description":"","potentialAction":[{"@type":"SearchAction","target":{"@type":"EntryPoint","urlTemplate":"https:\/\/www.driveblue.be\/fr\/?s={search_term_string}"},"query-input":"required name=search_term_string"}],"inLanguage":"fr-BE"},{"@type":"Person","@id":"https:\/\/www.driveblue.be\/fr\/#\/schema\/person\/2f2e50a1154f45f0b869427a2ae4c309","name":"Sven","image":{"@type":"ImageObject","inLanguage":"fr-BE","@id":"https:\/\/www.driveblue.be\/fr\/#\/schema\/person\/image\/","url":"https:\/\/secure.gravatar.com\/avatar\/203da86f8066b477c5f42ba122b9ed1dcd0bf1cf1458f139822175b43328cc8c?s=96&d=mm&r=g","contentUrl":"https:\/\/secure.gravatar.com\/avatar\/203da86f8066b477c5f42ba122b9ed1dcd0bf1cf1458f139822175b43328cc8c?s=96&d=mm&r=g","caption":"Sven"},"url":"https:\/\/www.driveblue.be"}]}},"_links":{"self":[{"href":"https:\/\/www.driveblue.be\/fr\/wp-json\/wp\/v2\/posts\/8452","targetHints":{"allow":["GET"]}}],"collection":[{"href":"https:\/\/www.driveblue.be\/fr\/wp-json\/wp\/v2\/posts"}],"about":[{"href":"https:\/\/www.driveblue.be\/fr\/wp-json\/wp\/v2\/types\/post"}],"author":[{"embeddable":true,"href":"https:\/\/www.driveblue.be\/fr\/wp-json\/wp\/v2\/users\/17"}],"replies":[{"embeddable":true,"href":"https:\/\/www.driveblue.be\/fr\/wp-json\/wp\/v2\/comments?post=8452"}],"version-history":[{"count":4,"href":"https:\/\/www.driveblue.be\/fr\/wp-json\/wp\/v2\/posts\/8452\/revisions"}],"predecessor-version":[{"id":8456,"href":"https:\/\/www.driveblue.be\/fr\/wp-json\/wp\/v2\/posts\/8452\/revisions\/8456"}],"wp:featuredmedia":[{"embeddable":true,"href":"https:\/\/www.driveblue.be\/fr\/wp-json\/wp\/v2\/media\/8441"}],"wp:attachment":[{"href":"https:\/\/www.driveblue.be\/fr\/wp-json\/wp\/v2\/media?parent=8452"}],"wp:term":[{"taxonomy":"category","embeddable":true,"href":"https:\/\/www.driveblue.be\/fr\/wp-json\/wp\/v2\/categories?post=8452"},{"taxonomy":"post_tag","embeddable":true,"href":"https:\/\/www.driveblue.be\/fr\/wp-json\/wp\/v2\/tags?post=8452"}],"curies":[{"name":"wp","href":"https:\/\/api.w.org\/{rel}","templated":true}]}}