{"id":8809,"date":"2025-01-10T15:28:06","date_gmt":"2025-01-10T14:28:06","guid":{"rendered":"https:\/\/www.driveblue.be\/le-ford-f-150-desormais-officiellement-disponible-en-belgique\/"},"modified":"2025-01-22T14:07:15","modified_gmt":"2025-01-22T13:07:15","slug":"le-ford-f-150-desormais-officiellement-disponible-en-belgique","status":"publish","type":"post","link":"https:\/\/www.driveblue.be\/fr\/le-ford-f-150-desormais-officiellement-disponible-en-belgique\/","title":{"rendered":"Le Ford F-150 d\u00e9sormais officiellement disponible en Belgique"},"content":{"rendered":"\n<p data-pm-slice=\"1 1 []\"><strong>Ford brengt op het Autosalon van Brussel 2025 groot nieuws: de iconische Ford F-150 is voortaan officieel verkrijgbaar in Belgi\u00eb via een netwerk van erkende dealers. Dit betekent dat Belgische klanten eindelijk kunnen genieten van de populairste pick-up ter wereld zonder grijze import. De F-150 wordt gepresenteerd in Paleis 6.<\/strong><\/p>\n<h4 data-pm-slice=\"1 1 []\"><strong>Een Nieuw Tijdperk voor de Belgische Pick-up Markt<\/strong><\/h4>\n<p>De Ford F-150 die in Belgi\u00eb wordt aangeboden, combineert krachtige prestaties met geavanceerde technologie. Onder de motorkap bevindt zich een 5.0-liter V8-motor die 406 pk levert, ondersteund door een LPG-installatie om het brandstofverbruik effici\u00ebnter te maken. Met een trekvermogen van 3,5 ton is deze pick-up ideaal voor zowel werk als avontuur. De beschikbare Lariat SuperCrew Black Edition biedt luxe en stijl, terwijl het brandstofverbruik (14,37 l\/100 km) en de CO\u2082-uitstoot (342 g\/km) getuigen van zijn robuuste karakter. De startprijs ligt op 69.636 euro exclusief BTW.<\/p>\n<p data-pm-slice=\"1 1 []\">&nbsp;<\/p>\n<div class=\"row\"  id=\"row-921241956\">\n\n\n\t<div id=\"col-633920639\" class=\"col medium-6 small-12 large-6\"  >\n\t\t\t\t<div class=\"col-inner\"  >\n\t\t\t\n\t\t\t\n\n\t<div class=\"img has-hover x md-x lg-x y md-y lg-y\" id=\"image_2064365975\">\n\t\t\t\t\t\t\t\t<div class=\"img-inner dark\" >\n\t\t\t<img loading=\"lazy\" decoding=\"async\" width=\"1020\" height=\"769\" src=\"https:\/\/www.driveblue.be\/wp-content\/uploads\/2025\/01\/F150_MY23_Lariat_2-web-e1736516173147-1024x772.jpg\" class=\"attachment-large size-large\" alt=\"Ford F-150 Lariat\" srcset=\"https:\/\/www.driveblue.be\/wp-content\/uploads\/2025\/01\/F150_MY23_Lariat_2-web-e1736516173147-1024x772.jpg 1024w, https:\/\/www.driveblue.be\/wp-content\/uploads\/2025\/01\/F150_MY23_Lariat_2-web-e1736516173147-300x226.jpg 300w, https:\/\/www.driveblue.be\/wp-content\/uploads\/2025\/01\/F150_MY23_Lariat_2-web-e1736516173147-768x579.jpg 768w, https:\/\/www.driveblue.be\/wp-content\/uploads\/2025\/01\/F150_MY23_Lariat_2-web-e1736516173147-1536x1159.jpg 1536w, https:\/\/www.driveblue.be\/wp-content\/uploads\/2025\/01\/F150_MY23_Lariat_2-web-e1736516173147.jpg 2047w\" sizes=\"auto, (max-width: 1020px) 100vw, 1020px\" \/>\t\t\t\t\t\t\n\t\t\t\t\t<\/div>\n\t\t\t\t\t\t\t\t\n<style>\n#image_2064365975 {\n  width: 100%;\n}\n<\/style>\n\t<\/div>\n\t\n\n\n\t\t<\/div>\n\t\t\t\t\t<\/div>\n\n\t\n\n\t<div id=\"col-782969696\" class=\"col medium-6 small-12 large-6\"  >\n\t\t\t\t<div class=\"col-inner\"  >\n\t\t\t\n\t\t\t\n\n\t<div class=\"img has-hover x md-x lg-x y md-y lg-y\" id=\"image_1791402334\">\n\t\t\t\t\t\t\t\t<div class=\"img-inner dark\" >\n\t\t\t<img loading=\"lazy\" decoding=\"async\" width=\"1020\" height=\"765\" src=\"https:\/\/www.driveblue.be\/wp-content\/uploads\/2025\/01\/F150_MY23_Lariat_DSF3880-web-1024x768.jpg\" class=\"attachment-large size-large\" alt=\"Ford F-150 Lariat\" srcset=\"https:\/\/www.driveblue.be\/wp-content\/uploads\/2025\/01\/F150_MY23_Lariat_DSF3880-web-1024x768.jpg 1024w, https:\/\/www.driveblue.be\/wp-content\/uploads\/2025\/01\/F150_MY23_Lariat_DSF3880-web-300x225.jpg 300w, https:\/\/www.driveblue.be\/wp-content\/uploads\/2025\/01\/F150_MY23_Lariat_DSF3880-web-768x576.jpg 768w, https:\/\/www.driveblue.be\/wp-content\/uploads\/2025\/01\/F150_MY23_Lariat_DSF3880-web-1536x1152.jpg 1536w, https:\/\/www.driveblue.be\/wp-content\/uploads\/2025\/01\/F150_MY23_Lariat_DSF3880-web.jpg 2048w\" sizes=\"auto, (max-width: 1020px) 100vw, 1020px\" \/>\t\t\t\t\t\t\n\t\t\t\t\t<\/div>\n\t\t\t\t\t\t\t\t\n<style>\n#image_1791402334 {\n  width: 100%;\n}\n<\/style>\n\t<\/div>\n\t\n\n\n\t\t<\/div>\n\t\t\t\t\t<\/div>\n\n\t\n\n<\/div>\n<h4 data-pm-slice=\"1 1 []\"><strong>Offici\u00eble Distributie en Service<\/strong><\/h4>\n<p>Voor het eerst wordt de Ford F-150 in Belgi\u00eb ondersteund door een officieel netwerk van erkende dealers, waaronder <a href=\"https:\/\/www.driveblue.be\/ab-automotive\/\">Ford AB Automotive<\/a>, <a href=\"https:\/\/www.driveblue.be\/waasland-automotive\/\">Ford Waasland Automotive<\/a> en <a href=\"https:\/\/www.driveblue.be\/vanspringel-automobiles\/\">Ford Vanspringel Automobiles<\/a>. Dit betekent drie jaar garantie, gespecialiseerde onderhoudsdiensten en naleving van alle lokale regelgeving. De import wordt verzorgd door Hedin US Motor, een ervaren partner die ook actief is op andere Europese markten.<\/p>\n<p>De beschikbaarheid via erkende dealers maakt de aankoop en het onderhoud van de F-150 eenvoudiger dan ooit, met de zekerheid van kwaliteitsservice en Ford Assistance.<\/p>\n<div class=\"row\"  id=\"row-933056532\">\n\n\n\t<div id=\"col-1763553889\" class=\"col medium-4 small-12 large-4\"  >\n\t\t\t\t<div class=\"col-inner\"  >\n\t\t\t\n\t\t\t\n\n\t<div class=\"img has-hover x md-x lg-x y md-y lg-y\" id=\"image_1566917327\">\n\t\t\t\t\t\t\t\t<div class=\"img-inner dark\" >\n\t\t\t<img loading=\"lazy\" decoding=\"async\" width=\"1020\" height=\"765\" src=\"https:\/\/www.driveblue.be\/wp-content\/uploads\/2025\/01\/20230621-FordF15000459-web-1024x768.jpg\" class=\"attachment-large size-large\" alt=\"F-150 Close-up\" srcset=\"https:\/\/www.driveblue.be\/wp-content\/uploads\/2025\/01\/20230621-FordF15000459-web-1024x768.jpg 1024w, https:\/\/www.driveblue.be\/wp-content\/uploads\/2025\/01\/20230621-FordF15000459-web-300x225.jpg 300w, https:\/\/www.driveblue.be\/wp-content\/uploads\/2025\/01\/20230621-FordF15000459-web-768x576.jpg 768w, https:\/\/www.driveblue.be\/wp-content\/uploads\/2025\/01\/20230621-FordF15000459-web-1536x1152.jpg 1536w, https:\/\/www.driveblue.be\/wp-content\/uploads\/2025\/01\/20230621-FordF15000459-web.jpg 2048w\" sizes=\"auto, (max-width: 1020px) 100vw, 1020px\" \/>\t\t\t\t\t\t\n\t\t\t\t\t<\/div>\n\t\t\t\t\t\t\t\t\n<style>\n#image_1566917327 {\n  width: 100%;\n}\n<\/style>\n\t<\/div>\n\t\n\n\n\t\t<\/div>\n\t\t\t\t\t<\/div>\n\n\t\n\n\t<div id=\"col-65377790\" class=\"col medium-4 small-12 large-4\"  >\n\t\t\t\t<div class=\"col-inner\"  >\n\t\t\t\n\t\t\t\n\n\t<div class=\"img has-hover x md-x lg-x y md-y lg-y\" id=\"image_1073835080\">\n\t\t\t\t\t\t\t\t<div class=\"img-inner dark\" >\n\t\t\t<img loading=\"lazy\" decoding=\"async\" width=\"1020\" height=\"765\" src=\"https:\/\/www.driveblue.be\/wp-content\/uploads\/2025\/01\/20230621-FordF15000777-web-1024x768.jpg\" class=\"attachment-large size-large\" alt=\"Ford F-150 Lariat interior\" srcset=\"https:\/\/www.driveblue.be\/wp-content\/uploads\/2025\/01\/20230621-FordF15000777-web-1024x768.jpg 1024w, https:\/\/www.driveblue.be\/wp-content\/uploads\/2025\/01\/20230621-FordF15000777-web-300x225.jpg 300w, https:\/\/www.driveblue.be\/wp-content\/uploads\/2025\/01\/20230621-FordF15000777-web-768x576.jpg 768w, https:\/\/www.driveblue.be\/wp-content\/uploads\/2025\/01\/20230621-FordF15000777-web-1536x1152.jpg 1536w, https:\/\/www.driveblue.be\/wp-content\/uploads\/2025\/01\/20230621-FordF15000777-web.jpg 2048w\" sizes=\"auto, (max-width: 1020px) 100vw, 1020px\" \/>\t\t\t\t\t\t\n\t\t\t\t\t<\/div>\n\t\t\t\t\t\t\t\t\n<style>\n#image_1073835080 {\n  width: 100%;\n}\n<\/style>\n\t<\/div>\n\t\n\n\n\t\t<\/div>\n\t\t\t\t\t<\/div>\n\n\t\n\n\t<div id=\"col-623848432\" class=\"col medium-4 small-12 large-4\"  >\n\t\t\t\t<div class=\"col-inner\"  >\n\t\t\t\n\t\t\t\n\n\t<div class=\"img has-hover x md-x lg-x y md-y lg-y\" id=\"image_317923511\">\n\t\t\t\t\t\t\t\t<div class=\"img-inner dark\" >\n\t\t\t<img loading=\"lazy\" decoding=\"async\" width=\"1020\" height=\"765\" src=\"https:\/\/www.driveblue.be\/wp-content\/uploads\/2025\/01\/20230621-FordF15000797-web-1024x768.jpg\" class=\"attachment-large size-large\" alt=\"Ford F-150 Lariat interior\" srcset=\"https:\/\/www.driveblue.be\/wp-content\/uploads\/2025\/01\/20230621-FordF15000797-web-1024x768.jpg 1024w, https:\/\/www.driveblue.be\/wp-content\/uploads\/2025\/01\/20230621-FordF15000797-web-300x225.jpg 300w, https:\/\/www.driveblue.be\/wp-content\/uploads\/2025\/01\/20230621-FordF15000797-web-768x576.jpg 768w, https:\/\/www.driveblue.be\/wp-content\/uploads\/2025\/01\/20230621-FordF15000797-web-1536x1152.jpg 1536w, https:\/\/www.driveblue.be\/wp-content\/uploads\/2025\/01\/20230621-FordF15000797-web.jpg 2048w\" sizes=\"auto, (max-width: 1020px) 100vw, 1020px\" \/>\t\t\t\t\t\t\n\t\t\t\t\t<\/div>\n\t\t\t\t\t\t\t\t\n<style>\n#image_317923511 {\n  width: 100%;\n}\n<\/style>\n\t<\/div>\n\t\n\n\n\t\t<\/div>\n\t\t\t\t\t<\/div>\n\n\t\n\n<\/div>\n<h4 data-pm-slice=\"1 1 []\"><strong>D\u00e9couvrez le Ford F-150 au Salon de l&#8217;auto<\/strong><\/h4>\n<p>Visitez le <strong>Salon de l&#8217;Automobile<\/strong> de Bruxelles 2025 au Palace 6 pour admirer de pr\u00e8s le Ford F-150. C\u2019est votre chance de d\u00e9couvrir par vous-m\u00eame la puissance, le luxe et la polyvalence de ce pick-up l\u00e9gendaire. <\/p>\n<p>Avec cette introduction officielle, Ford renforce sa position en Belgique en offrant la force et l&#8217;innovation am\u00e9ricaines avec le soutien fiable d&#8217;un r\u00e9seau de concessionnaires belges.<\/p>\n<p>Voulez-vous en savoir plus sur le F-150? Alors surfez sur le site <a href=\"https:\/\/www.myf150.be\">www.myf150.be<\/a>. <\/p>\n\t<div id=\"gap-718752101\" class=\"gap-element clearfix\" style=\"display:block; height:auto;\">\n\t\t\n<style>\n#gap-718752101 {\n  padding-top: 30px;\n}\n<\/style>\n\t<\/div>\n\t\n\n<h4 style=\"text-align: center;\"><strong>A lire \u00e9galement:<\/strong><\/h4>\n\n  \n    <div class=\"row large-columns-3 medium-columns- small-columns-1 row-small has-shadow row-box-shadow-1\">\n  <div class=\"col post-item\" data-animate=\"fadeInLeft\">\n\t\t\t<div class=\"col-inner\">\n\t\t\t<a href=\"https:\/\/www.driveblue.be\/fr\/au-revoir-fiesta-lhistoire-de-lemblematique-fiesta\/\" class=\"plain\">\n\t\t\t\t<div class=\"box box-default box-text-bottom box-blog-post has-hover\">\n            \t\t\t\t\t<div class=\"box-image\" >\n  \t\t\t\t\t\t<div class=\"image-cover\" style=\"padding-top:150px;\">\n  \t\t\t\t\t\t\t<img loading=\"lazy\" decoding=\"async\" width=\"2560\" height=\"1710\" src=\"https:\/\/www.driveblue.be\/wp-content\/uploads\/2023\/03\/History_1976_fiesta_basis-scaled.jpg\" class=\"attachment-original size-original wp-post-image\" alt=\"Ford Fiesta 1976\" srcset=\"https:\/\/www.driveblue.be\/wp-content\/uploads\/2023\/03\/History_1976_fiesta_basis-scaled.jpg 2560w, https:\/\/www.driveblue.be\/wp-content\/uploads\/2023\/03\/History_1976_fiesta_basis-300x200.jpg 300w, https:\/\/www.driveblue.be\/wp-content\/uploads\/2023\/03\/History_1976_fiesta_basis-1024x684.jpg 1024w, https:\/\/www.driveblue.be\/wp-content\/uploads\/2023\/03\/History_1976_fiesta_basis-768x513.jpg 768w, https:\/\/www.driveblue.be\/wp-content\/uploads\/2023\/03\/History_1976_fiesta_basis-1536x1026.jpg 1536w, https:\/\/www.driveblue.be\/wp-content\/uploads\/2023\/03\/History_1976_fiesta_basis-2048x1368.jpg 2048w\" sizes=\"auto, (max-width: 2560px) 100vw, 2560px\" \/>  \t\t\t\t\t\t\t  \t\t\t\t\t\t\t  \t\t\t\t\t\t<\/div>\n  \t\t\t\t\t\t  \t\t\t\t\t<\/div>\n          \t\t\t\t\t<div class=\"box-text text-center\" >\n\t\t\t\t\t<div class=\"box-text-inner blog-post-inner\">\n\n\t\t\t\t\t\n\t\t\t\t\t\t\t\t\t\t<h5 class=\"post-title is-large \">Adieu Fiesta : l&#8217;histoire de la c\u00e9l\u00e8bre Ford<\/h5>\n\t\t\t\t\t\t\t\t\t\t<div class=\"is-divider\"><\/div>\n\t\t\t\t\t                    \n\t\t\t\t\t\n\t\t\t\t\t\n\t\t\t\t\t<\/div>\n\t\t\t\t\t<\/div>\n\t\t\t\t\t\t\t\t\t<\/div>\n\t\t\t\t<\/a>\n\t\t\t<\/div>\n\t\t<\/div><div class=\"col post-item\" data-animate=\"fadeInLeft\">\n\t\t\t<div class=\"col-inner\">\n\t\t\t<a href=\"https:\/\/www.driveblue.be\/fr\/vous-optez-pour-lelectrique-les-avantages-et-les-inconvenients-des-voitures-electriques-ford\/\" class=\"plain\">\n\t\t\t\t<div class=\"box box-default box-text-bottom box-blog-post has-hover\">\n            \t\t\t\t\t<div class=\"box-image\" >\n  \t\t\t\t\t\t<div class=\"image-cover\" style=\"padding-top:150px;\">\n  \t\t\t\t\t\t\t<img loading=\"lazy\" decoding=\"async\" width=\"2560\" height=\"1277\" src=\"https:\/\/www.driveblue.be\/wp-content\/uploads\/2023\/03\/All-New_Ford_E-Transit_15-scaled.jpg\" class=\"attachment-original size-original wp-post-image\" alt=\"All-Electric Ford E-Transit &amp; Mustang Mach-E\" srcset=\"https:\/\/www.driveblue.be\/wp-content\/uploads\/2023\/03\/All-New_Ford_E-Transit_15-scaled.jpg 2560w, https:\/\/www.driveblue.be\/wp-content\/uploads\/2023\/03\/All-New_Ford_E-Transit_15-300x150.jpg 300w, https:\/\/www.driveblue.be\/wp-content\/uploads\/2023\/03\/All-New_Ford_E-Transit_15-1024x511.jpg 1024w, https:\/\/www.driveblue.be\/wp-content\/uploads\/2023\/03\/All-New_Ford_E-Transit_15-768x383.jpg 768w, https:\/\/www.driveblue.be\/wp-content\/uploads\/2023\/03\/All-New_Ford_E-Transit_15-1536x766.jpg 1536w, https:\/\/www.driveblue.be\/wp-content\/uploads\/2023\/03\/All-New_Ford_E-Transit_15-2048x1022.jpg 2048w\" sizes=\"auto, (max-width: 2560px) 100vw, 2560px\" \/>  \t\t\t\t\t\t\t  \t\t\t\t\t\t\t  \t\t\t\t\t\t<\/div>\n  \t\t\t\t\t\t  \t\t\t\t\t<\/div>\n          \t\t\t\t\t<div class=\"box-text text-center\" >\n\t\t\t\t\t<div class=\"box-text-inner blog-post-inner\">\n\n\t\t\t\t\t\n\t\t\t\t\t\t\t\t\t\t<h5 class=\"post-title is-large \">Les avantages et inconv\u00e9nients des voitures \u00e9lectriques<\/h5>\n\t\t\t\t\t\t\t\t\t\t<div class=\"is-divider\"><\/div>\n\t\t\t\t\t                    \n\t\t\t\t\t\n\t\t\t\t\t\n\t\t\t\t\t<\/div>\n\t\t\t\t\t<\/div>\n\t\t\t\t\t\t\t\t\t<\/div>\n\t\t\t\t<\/a>\n\t\t\t<\/div>\n\t\t<\/div><div class=\"col post-item\" data-animate=\"fadeInLeft\">\n\t\t\t<div class=\"col-inner\">\n\t\t\t<a href=\"https:\/\/www.driveblue.be\/fr\/ford-bronco-le-vehicule-tout-terrain-par-excellence-debarque-en-europe\/\" class=\"plain\">\n\t\t\t\t<div class=\"box box-default box-text-bottom box-blog-post has-hover\">\n            \t\t\t\t\t<div class=\"box-image\" >\n  \t\t\t\t\t\t<div class=\"image-cover\" style=\"padding-top:150px;\">\n  \t\t\t\t\t\t\t<img loading=\"lazy\" decoding=\"async\" width=\"2560\" height=\"1707\" src=\"https:\/\/www.driveblue.be\/wp-content\/uploads\/2023\/03\/FordBronco_HPRed_Dynamic_1-scaled.jpg\" class=\"attachment-original size-original wp-post-image\" alt=\"Ford Bronco 2023\" srcset=\"https:\/\/www.driveblue.be\/wp-content\/uploads\/2023\/03\/FordBronco_HPRed_Dynamic_1-scaled.jpg 2560w, https:\/\/www.driveblue.be\/wp-content\/uploads\/2023\/03\/FordBronco_HPRed_Dynamic_1-300x200.jpg 300w, https:\/\/www.driveblue.be\/wp-content\/uploads\/2023\/03\/FordBronco_HPRed_Dynamic_1-1024x683.jpg 1024w, https:\/\/www.driveblue.be\/wp-content\/uploads\/2023\/03\/FordBronco_HPRed_Dynamic_1-768x512.jpg 768w, https:\/\/www.driveblue.be\/wp-content\/uploads\/2023\/03\/FordBronco_HPRed_Dynamic_1-1536x1024.jpg 1536w, https:\/\/www.driveblue.be\/wp-content\/uploads\/2023\/03\/FordBronco_HPRed_Dynamic_1-2048x1366.jpg 2048w\" sizes=\"auto, (max-width: 2560px) 100vw, 2560px\" \/>  \t\t\t\t\t\t\t  \t\t\t\t\t\t\t  \t\t\t\t\t\t<\/div>\n  \t\t\t\t\t\t  \t\t\t\t\t<\/div>\n          \t\t\t\t\t<div class=\"box-text text-center\" >\n\t\t\t\t\t<div class=\"box-text-inner blog-post-inner\">\n\n\t\t\t\t\t\n\t\t\t\t\t\t\t\t\t\t<h5 class=\"post-title is-large \">Ford Bronco : le v\u00e9hicule tout-terrain par excellence d\u00e9barque en Europe<\/h5>\n\t\t\t\t\t\t\t\t\t\t<div class=\"is-divider\"><\/div>\n\t\t\t\t\t                    \n\t\t\t\t\t\n\t\t\t\t\t\n\t\t\t\t\t<\/div>\n\t\t\t\t\t<\/div>\n\t\t\t\t\t\t\t\t\t<\/div>\n\t\t\t\t<\/a>\n\t\t\t<\/div>\n\t\t<\/div><\/div>\n\n<p><\/p>\n","protected":false},"excerpt":{"rendered":"<p>Ford annonce une grande nouvelle au Salon de l&#8217;Automobile de Bruxelles 2025 : l&#8217;embl\u00e9matique Ford F-150 est d\u00e9sormais officiellement disponible en Belgique via un r\u00e9seau de concessionnaires agr\u00e9\u00e9s. Cela signifie que les clients belges peuvent enfin profiter du pick-up le plus populaire au monde sans importations grises.  <\/p>\n","protected":false},"author":17,"featured_media":8806,"comment_status":"closed","ping_status":"open","sticky":false,"template":"","format":"standard","meta":{"footnotes":""},"categories":[20],"tags":[96,62,82],"class_list":["post-8809","post","type-post","status-publish","format-standard","has-post-thumbnail","hentry","category-actualite","tag-f-150-fr","tag-ford-fr","tag-ford-performance-fr"],"acf":[],"yoast_head":"<!-- This site is optimized with the Yoast SEO plugin v20.12 - https:\/\/yoast.com\/wordpress\/plugins\/seo\/ -->\n<title>Le Ford F-150 d\u00e9sormais officiellement disponible en Belgique - DriveBlue<\/title>\n<meta name=\"description\" content=\"Ford annonce une grande nouvelle au Brussels Motor Show 2025 : l&#039;embl\u00e9matique Ford F-150 est d\u00e9sormais officiellement disponible en Belgique par le biais d&#039;un r\u00e9seau de concessionnaires agr\u00e9\u00e9s. Cela signifie que les clients belges peuvent enfin profiter du pick-up le plus populaire au monde sans importations grises.\" \/>\n<meta name=\"robots\" content=\"index, follow, max-snippet:-1, max-image-preview:large, max-video-preview:-1\" \/>\n<link rel=\"canonical\" href=\"https:\/\/www.driveblue.be\/fr\/le-ford-f-150-desormais-officiellement-disponible-en-belgique\/\" \/>\n<meta property=\"og:locale\" content=\"fr_FR\" \/>\n<meta property=\"og:type\" content=\"article\" \/>\n<meta property=\"og:title\" content=\"Le Ford F-150 d\u00e9sormais officiellement disponible en Belgique - DriveBlue\" \/>\n<meta property=\"og:description\" content=\"Ford annonce une grande nouvelle au Brussels Motor Show 2025 : l&#039;embl\u00e9matique Ford F-150 est d\u00e9sormais officiellement disponible en Belgique par le biais d&#039;un r\u00e9seau de concessionnaires agr\u00e9\u00e9s. Cela signifie que les clients belges peuvent enfin profiter du pick-up le plus populaire au monde sans importations grises.\" \/>\n<meta property=\"og:url\" content=\"https:\/\/www.driveblue.be\/fr\/le-ford-f-150-desormais-officiellement-disponible-en-belgique\/\" \/>\n<meta property=\"og:site_name\" content=\"DriveBlue\" \/>\n<meta property=\"article:published_time\" content=\"2025-01-10T14:28:06+00:00\" \/>\n<meta property=\"article:modified_time\" content=\"2025-01-22T13:07:15+00:00\" \/>\n<meta property=\"og:image\" content=\"https:\/\/www.driveblue.be\/wp-content\/uploads\/2025\/01\/F150_MY23_Lariat_DSF3965-web.jpg\" \/>\n\t<meta property=\"og:image:width\" content=\"2048\" \/>\n\t<meta property=\"og:image:height\" content=\"1536\" \/>\n\t<meta property=\"og:image:type\" content=\"image\/jpeg\" \/>\n<meta name=\"author\" content=\"Sven\" \/>\n<meta name=\"twitter:card\" content=\"summary_large_image\" \/>\n<meta name=\"twitter:label1\" content=\"\u00c9crit par\" \/>\n\t<meta name=\"twitter:data1\" content=\"Sven\" \/>\n\t<meta name=\"twitter:label2\" content=\"Dur\u00e9e de lecture est.\" \/>\n\t<meta name=\"twitter:data2\" content=\"2 minutes\" \/>\n<script type=\"application\/ld+json\" class=\"yoast-schema-graph\">{\"@context\":\"https:\/\/schema.org\",\"@graph\":[{\"@type\":\"WebPage\",\"@id\":\"https:\/\/www.driveblue.be\/fr\/le-ford-f-150-desormais-officiellement-disponible-en-belgique\/\",\"url\":\"https:\/\/www.driveblue.be\/fr\/le-ford-f-150-desormais-officiellement-disponible-en-belgique\/\",\"name\":\"Le Ford F-150 d\u00e9sormais officiellement disponible en Belgique - DriveBlue\",\"isPartOf\":{\"@id\":\"https:\/\/www.driveblue.be\/fr\/#website\"},\"datePublished\":\"2025-01-10T14:28:06+00:00\",\"dateModified\":\"2025-01-22T13:07:15+00:00\",\"author\":{\"@id\":\"https:\/\/www.driveblue.be\/fr\/#\/schema\/person\/2f2e50a1154f45f0b869427a2ae4c309\"},\"description\":\"Ford annonce une grande nouvelle au Brussels Motor Show 2025 : l'embl\u00e9matique Ford F-150 est d\u00e9sormais officiellement disponible en Belgique par le biais d'un r\u00e9seau de concessionnaires agr\u00e9\u00e9s. Cela signifie que les clients belges peuvent enfin profiter du pick-up le plus populaire au monde sans importations grises.\",\"breadcrumb\":{\"@id\":\"https:\/\/www.driveblue.be\/fr\/le-ford-f-150-desormais-officiellement-disponible-en-belgique\/#breadcrumb\"},\"inLanguage\":\"fr-BE\",\"potentialAction\":[{\"@type\":\"ReadAction\",\"target\":[\"https:\/\/www.driveblue.be\/fr\/le-ford-f-150-desormais-officiellement-disponible-en-belgique\/\"]}]},{\"@type\":\"BreadcrumbList\",\"@id\":\"https:\/\/www.driveblue.be\/fr\/le-ford-f-150-desormais-officiellement-disponible-en-belgique\/#breadcrumb\",\"itemListElement\":[{\"@type\":\"ListItem\",\"position\":1,\"name\":\"Home\",\"item\":\"https:\/\/www.driveblue.be\/fr\/\"},{\"@type\":\"ListItem\",\"position\":2,\"name\":\"Le Ford F-150 d\u00e9sormais officiellement disponible en Belgique\"}]},{\"@type\":\"WebSite\",\"@id\":\"https:\/\/www.driveblue.be\/fr\/#website\",\"url\":\"https:\/\/www.driveblue.be\/fr\/\",\"name\":\"DriveBlue\",\"description\":\"\",\"potentialAction\":[{\"@type\":\"SearchAction\",\"target\":{\"@type\":\"EntryPoint\",\"urlTemplate\":\"https:\/\/www.driveblue.be\/fr\/?s={search_term_string}\"},\"query-input\":\"required name=search_term_string\"}],\"inLanguage\":\"fr-BE\"},{\"@type\":\"Person\",\"@id\":\"https:\/\/www.driveblue.be\/fr\/#\/schema\/person\/2f2e50a1154f45f0b869427a2ae4c309\",\"name\":\"Sven\",\"image\":{\"@type\":\"ImageObject\",\"inLanguage\":\"fr-BE\",\"@id\":\"https:\/\/www.driveblue.be\/fr\/#\/schema\/person\/image\/\",\"url\":\"https:\/\/secure.gravatar.com\/avatar\/203da86f8066b477c5f42ba122b9ed1dcd0bf1cf1458f139822175b43328cc8c?s=96&d=mm&r=g\",\"contentUrl\":\"https:\/\/secure.gravatar.com\/avatar\/203da86f8066b477c5f42ba122b9ed1dcd0bf1cf1458f139822175b43328cc8c?s=96&d=mm&r=g\",\"caption\":\"Sven\"},\"url\":\"https:\/\/www.driveblue.be\"}]}<\/script>\n<!-- \/ Yoast SEO plugin. -->","yoast_head_json":{"title":"Le Ford F-150 d\u00e9sormais officiellement disponible en Belgique - DriveBlue","description":"Ford annonce une grande nouvelle au Brussels Motor Show 2025 : l'embl\u00e9matique Ford F-150 est d\u00e9sormais officiellement disponible en Belgique par le biais d'un r\u00e9seau de concessionnaires agr\u00e9\u00e9s. Cela signifie que les clients belges peuvent enfin profiter du pick-up le plus populaire au monde sans importations grises.","robots":{"index":"index","follow":"follow","max-snippet":"max-snippet:-1","max-image-preview":"max-image-preview:large","max-video-preview":"max-video-preview:-1"},"canonical":"https:\/\/www.driveblue.be\/fr\/le-ford-f-150-desormais-officiellement-disponible-en-belgique\/","og_locale":"fr_FR","og_type":"article","og_title":"Le Ford F-150 d\u00e9sormais officiellement disponible en Belgique - DriveBlue","og_description":"Ford annonce une grande nouvelle au Brussels Motor Show 2025 : l'embl\u00e9matique Ford F-150 est d\u00e9sormais officiellement disponible en Belgique par le biais d'un r\u00e9seau de concessionnaires agr\u00e9\u00e9s. Cela signifie que les clients belges peuvent enfin profiter du pick-up le plus populaire au monde sans importations grises.","og_url":"https:\/\/www.driveblue.be\/fr\/le-ford-f-150-desormais-officiellement-disponible-en-belgique\/","og_site_name":"DriveBlue","article_published_time":"2025-01-10T14:28:06+00:00","article_modified_time":"2025-01-22T13:07:15+00:00","og_image":[{"width":2048,"height":1536,"url":"https:\/\/www.driveblue.be\/wp-content\/uploads\/2025\/01\/F150_MY23_Lariat_DSF3965-web.jpg","type":"image\/jpeg"}],"author":"Sven","twitter_card":"summary_large_image","twitter_misc":{"\u00c9crit par":"Sven","Dur\u00e9e de lecture est.":"2 minutes"},"schema":{"@context":"https:\/\/schema.org","@graph":[{"@type":"WebPage","@id":"https:\/\/www.driveblue.be\/fr\/le-ford-f-150-desormais-officiellement-disponible-en-belgique\/","url":"https:\/\/www.driveblue.be\/fr\/le-ford-f-150-desormais-officiellement-disponible-en-belgique\/","name":"Le Ford F-150 d\u00e9sormais officiellement disponible en Belgique - DriveBlue","isPartOf":{"@id":"https:\/\/www.driveblue.be\/fr\/#website"},"datePublished":"2025-01-10T14:28:06+00:00","dateModified":"2025-01-22T13:07:15+00:00","author":{"@id":"https:\/\/www.driveblue.be\/fr\/#\/schema\/person\/2f2e50a1154f45f0b869427a2ae4c309"},"description":"Ford annonce une grande nouvelle au Brussels Motor Show 2025 : l'embl\u00e9matique Ford F-150 est d\u00e9sormais officiellement disponible en Belgique par le biais d'un r\u00e9seau de concessionnaires agr\u00e9\u00e9s. Cela signifie que les clients belges peuvent enfin profiter du pick-up le plus populaire au monde sans importations grises.","breadcrumb":{"@id":"https:\/\/www.driveblue.be\/fr\/le-ford-f-150-desormais-officiellement-disponible-en-belgique\/#breadcrumb"},"inLanguage":"fr-BE","potentialAction":[{"@type":"ReadAction","target":["https:\/\/www.driveblue.be\/fr\/le-ford-f-150-desormais-officiellement-disponible-en-belgique\/"]}]},{"@type":"BreadcrumbList","@id":"https:\/\/www.driveblue.be\/fr\/le-ford-f-150-desormais-officiellement-disponible-en-belgique\/#breadcrumb","itemListElement":[{"@type":"ListItem","position":1,"name":"Home","item":"https:\/\/www.driveblue.be\/fr\/"},{"@type":"ListItem","position":2,"name":"Le Ford F-150 d\u00e9sormais officiellement disponible en Belgique"}]},{"@type":"WebSite","@id":"https:\/\/www.driveblue.be\/fr\/#website","url":"https:\/\/www.driveblue.be\/fr\/","name":"DriveBlue","description":"","potentialAction":[{"@type":"SearchAction","target":{"@type":"EntryPoint","urlTemplate":"https:\/\/www.driveblue.be\/fr\/?s={search_term_string}"},"query-input":"required name=search_term_string"}],"inLanguage":"fr-BE"},{"@type":"Person","@id":"https:\/\/www.driveblue.be\/fr\/#\/schema\/person\/2f2e50a1154f45f0b869427a2ae4c309","name":"Sven","image":{"@type":"ImageObject","inLanguage":"fr-BE","@id":"https:\/\/www.driveblue.be\/fr\/#\/schema\/person\/image\/","url":"https:\/\/secure.gravatar.com\/avatar\/203da86f8066b477c5f42ba122b9ed1dcd0bf1cf1458f139822175b43328cc8c?s=96&d=mm&r=g","contentUrl":"https:\/\/secure.gravatar.com\/avatar\/203da86f8066b477c5f42ba122b9ed1dcd0bf1cf1458f139822175b43328cc8c?s=96&d=mm&r=g","caption":"Sven"},"url":"https:\/\/www.driveblue.be"}]}},"_links":{"self":[{"href":"https:\/\/www.driveblue.be\/fr\/wp-json\/wp\/v2\/posts\/8809","targetHints":{"allow":["GET"]}}],"collection":[{"href":"https:\/\/www.driveblue.be\/fr\/wp-json\/wp\/v2\/posts"}],"about":[{"href":"https:\/\/www.driveblue.be\/fr\/wp-json\/wp\/v2\/types\/post"}],"author":[{"embeddable":true,"href":"https:\/\/www.driveblue.be\/fr\/wp-json\/wp\/v2\/users\/17"}],"replies":[{"embeddable":true,"href":"https:\/\/www.driveblue.be\/fr\/wp-json\/wp\/v2\/comments?post=8809"}],"version-history":[{"count":2,"href":"https:\/\/www.driveblue.be\/fr\/wp-json\/wp\/v2\/posts\/8809\/revisions"}],"predecessor-version":[{"id":8811,"href":"https:\/\/www.driveblue.be\/fr\/wp-json\/wp\/v2\/posts\/8809\/revisions\/8811"}],"wp:featuredmedia":[{"embeddable":true,"href":"https:\/\/www.driveblue.be\/fr\/wp-json\/wp\/v2\/media\/8806"}],"wp:attachment":[{"href":"https:\/\/www.driveblue.be\/fr\/wp-json\/wp\/v2\/media?parent=8809"}],"wp:term":[{"taxonomy":"category","embeddable":true,"href":"https:\/\/www.driveblue.be\/fr\/wp-json\/wp\/v2\/categories?post=8809"},{"taxonomy":"post_tag","embeddable":true,"href":"https:\/\/www.driveblue.be\/fr\/wp-json\/wp\/v2\/tags?post=8809"}],"curies":[{"name":"wp","href":"https:\/\/api.w.org\/{rel}","templated":true}]}}