{"id":8840,"date":"2025-02-10T18:21:08","date_gmt":"2025-02-10T17:21:08","guid":{"rendered":"https:\/\/www.driveblue.be\/ford-puma-gen-e-le-suv-urbain-ideal\/"},"modified":"2025-02-27T10:41:54","modified_gmt":"2025-02-27T09:41:54","slug":"ford-puma-gen-e-le-suv-urbain-ideal","status":"publish","type":"post","link":"https:\/\/www.driveblue.be\/fr\/ford-puma-gen-e-le-suv-urbain-ideal\/","title":{"rendered":"Ford Puma Gen-E : le SUV urbain id\u00e9al"},"content":{"rendered":"\n<p data-pm-slice=\"1 1 []\"><strong>La Ford Puma s&#8217;est r\u00e9invent\u00e9e ! Voici<a href=\"https:\/\/www.fr.ford.be\/tous-modeles\/puma-gen-e#intro\"> la Ford Puma Gen-E<\/a>, le SUV \u00e9lectrique id\u00e9al pour les environnements urbains. Avec ses dimensions compactes, son comportement agile et ses technologies avanc\u00e9es, cette voiture est parfaite pour le trafic urbain intense.  <\/strong><\/p>\n<h4 data-pm-slice=\"1 1 []\"><strong>La conduite \u00e9lectrique adapt\u00e9e \u00e0 la ville<\/strong><\/h4>\n<p data-pm-slice=\"1 1 []\">La ville exige une voiture non seulement \u00e9cologique, mais aussi pratique, \u00e9l\u00e9gante et intelligente. Avec la <strong>Ford Puma Gen-E<\/strong>, vous n&#8217;avez pas \u00e0 faire de compromis. Elle offre une exp\u00e9rience de conduite sportive avec la commodit\u00e9 de la <a href=\"https:\/\/www.driveblue.be\/fr\/vous-optez-pour-lelectrique-les-avantages-et-les-inconvenients-des-voitures-electriques-ford\/\" target=\"_blank\" rel=\"noopener\">conduite \u00e9lectrique<\/a> &#8211; parfaite pour les conducteurs urbains.  <\/p>\n<div class=\"row\"  id=\"row-1108962625\">\n\n\n\t<div id=\"col-826775774\" class=\"col medium-4 small-12 large-4\"  >\n\t\t\t\t<div class=\"col-inner\"  >\n\t\t\t\n\t\t\t\n\n\t<div class=\"img has-hover x md-x lg-x y md-y lg-y\" id=\"image_553086589\">\n\t\t\t\t\t\t\t\t<div class=\"img-inner image-cover dark\" style=\"padding-top:75%;\">\n\t\t\t<img loading=\"lazy\" decoding=\"async\" width=\"1020\" height=\"747\" src=\"https:\/\/www.driveblue.be\/wp-content\/uploads\/2025\/02\/FORD_2024_PUMA_GEN-E_05-2-scaled-e1739204893587-1024x750.jpg\" class=\"attachment-large size-large\" alt=\"Ford Puma Gen-E\" srcset=\"https:\/\/www.driveblue.be\/wp-content\/uploads\/2025\/02\/FORD_2024_PUMA_GEN-E_05-2-scaled-e1739204893587-1024x750.jpg 1024w, https:\/\/www.driveblue.be\/wp-content\/uploads\/2025\/02\/FORD_2024_PUMA_GEN-E_05-2-scaled-e1739204893587-300x220.jpg 300w, https:\/\/www.driveblue.be\/wp-content\/uploads\/2025\/02\/FORD_2024_PUMA_GEN-E_05-2-scaled-e1739204893587-768x563.jpg 768w, https:\/\/www.driveblue.be\/wp-content\/uploads\/2025\/02\/FORD_2024_PUMA_GEN-E_05-2-scaled-e1739204893587-1536x1126.jpg 1536w, https:\/\/www.driveblue.be\/wp-content\/uploads\/2025\/02\/FORD_2024_PUMA_GEN-E_05-2-scaled-e1739204893587.jpg 1647w\" sizes=\"auto, (max-width: 1020px) 100vw, 1020px\" \/>\t\t\t\t\t\t\n\t\t\t\t\t<\/div>\n\t\t\t\t\t\t\t\t\n<style>\n#image_553086589 {\n  width: 100%;\n}\n<\/style>\n\t<\/div>\n\t\n\n\n\t\t<\/div>\n\t\t\t\t\t<\/div>\n\n\t\n\n\t<div id=\"col-1347390559\" class=\"col medium-4 small-12 large-4\"  >\n\t\t\t\t<div class=\"col-inner\"  >\n\t\t\t\n\t\t\t\n\n\t<div class=\"img has-hover x md-x lg-x y md-y lg-y\" id=\"image_1653198801\">\n\t\t\t\t\t\t\t\t<div class=\"img-inner dark\" >\n\t\t\t<img loading=\"lazy\" decoding=\"async\" width=\"1020\" height=\"765\" src=\"https:\/\/www.driveblue.be\/wp-content\/uploads\/2025\/02\/FORD_2024_PUMA_GEN-E_23-1-1024x768.jpg\" class=\"attachment-large size-large\" alt=\"Ford Puma Gen-E\" srcset=\"https:\/\/www.driveblue.be\/wp-content\/uploads\/2025\/02\/FORD_2024_PUMA_GEN-E_23-1-1024x768.jpg 1024w, https:\/\/www.driveblue.be\/wp-content\/uploads\/2025\/02\/FORD_2024_PUMA_GEN-E_23-1-300x225.jpg 300w, https:\/\/www.driveblue.be\/wp-content\/uploads\/2025\/02\/FORD_2024_PUMA_GEN-E_23-1-768x576.jpg 768w, https:\/\/www.driveblue.be\/wp-content\/uploads\/2025\/02\/FORD_2024_PUMA_GEN-E_23-1-1536x1152.jpg 1536w, https:\/\/www.driveblue.be\/wp-content\/uploads\/2025\/02\/FORD_2024_PUMA_GEN-E_23-1-2048x1536.jpg 2048w\" sizes=\"auto, (max-width: 1020px) 100vw, 1020px\" \/>\t\t\t\t\t\t\n\t\t\t\t\t<\/div>\n\t\t\t\t\t\t\t\t\n<style>\n#image_1653198801 {\n  width: 100%;\n}\n<\/style>\n\t<\/div>\n\t\n\n\n\t\t<\/div>\n\t\t\t\t\t<\/div>\n\n\t\n\n\t<div id=\"col-1134573201\" class=\"col medium-4 small-12 large-4\"  >\n\t\t\t\t<div class=\"col-inner\"  >\n\t\t\t\n\t\t\t\n\n\t<div class=\"img has-hover x md-x lg-x y md-y lg-y\" id=\"image_1365724102\">\n\t\t\t\t\t\t\t\t<div class=\"img-inner dark\" >\n\t\t\t<img loading=\"lazy\" decoding=\"async\" width=\"1020\" height=\"765\" src=\"https:\/\/www.driveblue.be\/wp-content\/uploads\/2025\/02\/FORD_2024_PUMA_GEN-E_08-4-1024x768.jpg\" class=\"attachment-large size-large\" alt=\"Ford Puma Gen-E\" srcset=\"https:\/\/www.driveblue.be\/wp-content\/uploads\/2025\/02\/FORD_2024_PUMA_GEN-E_08-4-1024x768.jpg 1024w, https:\/\/www.driveblue.be\/wp-content\/uploads\/2025\/02\/FORD_2024_PUMA_GEN-E_08-4-300x225.jpg 300w, https:\/\/www.driveblue.be\/wp-content\/uploads\/2025\/02\/FORD_2024_PUMA_GEN-E_08-4-768x576.jpg 768w, https:\/\/www.driveblue.be\/wp-content\/uploads\/2025\/02\/FORD_2024_PUMA_GEN-E_08-4-1536x1152.jpg 1536w, https:\/\/www.driveblue.be\/wp-content\/uploads\/2025\/02\/FORD_2024_PUMA_GEN-E_08-4-2048x1536.jpg 2048w\" sizes=\"auto, (max-width: 1020px) 100vw, 1020px\" \/>\t\t\t\t\t\t\n\t\t\t\t\t<\/div>\n\t\t\t\t\t\t\t\t\n<style>\n#image_1365724102 {\n  width: 100%;\n}\n<\/style>\n\t<\/div>\n\t\n\n\n\t\t<\/div>\n\t\t\t\t\t<\/div>\n\n\t\n\n<\/div>\n<h4 data-pm-slice=\"1 1 []\"><strong>Qu&#8217;est-ce qui rend la Puma Gen-E si adapt\u00e9e \u00e0 la ville ?<\/strong><\/h4>\n<ul>\n<li class=\"bullet-checkmark bullet-arrow\">Autonomie pouvant atteindre 376 km (<a href=\"https:\/\/www.febiac.be\/nl\/article\/de-wltp-norm-begrijpen\"><strong>WLTP<\/strong><\/a>) ou 523 km en ville : pas de souci de recharge interm\u00e9diaire. En milieu urbain, l&#8217;autonomie peut atteindre 523 km. <\/li>\n<li class=\"bullet-checkmark bullet-arrow\"><strong>Chargement rapide jusqu&#8217;\u00e0 100 kW DC<\/strong> : de 10 % \u00e0 80 % de charge en 23 minutes.<\/li>\n<li class=\"bullet-checkmark bullet-arrow\"><strong>Petit rayon de braquage<\/strong> : man\u0153uvre sans effort dans les rues \u00e9troites.<\/li>\n<li class=\"bullet-checkmark bullet-arrow\"><strong>Syst\u00e8mes intelligents d&#8217;aide \u00e0 la conduite<\/strong> : Information automatique sur les panneaux de signalisation et r\u00e9gulateur de vitesse adaptatif.<\/li>\n<li class=\"bullet-checkmark bullet-arrow\"><strong>Infotainment moderne<\/strong> : un \u00e9cran tactile de 12 pouces avec Apple CarPlay et Android Auto.<\/li>\n<\/ul>\n<p>Avec sa taille compacte, son puissant moteur \u00e9lectrique et sa technologie innovante, la Puma Gen-E est pr\u00eate \u00e0 devenir votre voiture urbaine id\u00e9ale.<\/p>\n<div class=\"video video-fit mb\" style=\"padding-top:56.25%;\"><iframe loading=\"lazy\" title=\"The Ford Puma Is Now Electric \u2013 Introducing the Ford Puma Gen-E\" width=\"1020\" height=\"574\" src=\"https:\/\/www.youtube.com\/embed\/XKyEHkE3WgA?feature=oembed\" frameborder=\"0\" allow=\"accelerometer; autoplay; clipboard-write; encrypted-media; gyroscope; picture-in-picture; web-share\" referrerpolicy=\"strict-origin-when-cross-origin\" allowfullscreen><\/iframe><\/div>\n\n<p>La Puma Gen-E &#8216;First Edition&#8217; est disponible d\u00e8s maintenant \u00e0 partir de 29 990 \u20ac et arrivera dans les <strong><a href=\"https:\/\/www.driveblue.be\/fr\/contact\/\">showrooms Ford<\/a><\/strong> d&#8217;ici quelques semaines ! Curieux de conna\u00eetre les autres mod\u00e8les \u00e9lectriques disponibles chez Ford ? D\u00e9couvrez-les tous sur <strong><a href=\"https:\/\/www.driveblue.be\/fr\/actualite\/\" target=\"_blank\" rel=\"noopener\">notre page d&#8217;actualit\u00e9s<\/a><\/strong>. <\/p>\n\t<div id=\"gap-2101016651\" class=\"gap-element clearfix\" style=\"display:block; height:auto;\">\n\t\t\n<style>\n#gap-2101016651 {\n  padding-top: 30px;\n}\n<\/style>\n\t<\/div>\n\t\n\n<h4 style=\"text-align: center;\"><strong>A lire \u00e9galement:<\/strong><\/h4>\n\n  \n    <div class=\"row large-columns-3 medium-columns- small-columns-1 row-small has-shadow row-box-shadow-1\">\n  <div class=\"col post-item\" data-animate=\"fadeInLeft\">\n\t\t\t<div class=\"col-inner\">\n\t\t\t<a href=\"https:\/\/www.driveblue.be\/fr\/au-revoir-fiesta-lhistoire-de-lemblematique-fiesta\/\" class=\"plain\">\n\t\t\t\t<div class=\"box box-default box-text-bottom box-blog-post has-hover\">\n            \t\t\t\t\t<div class=\"box-image\" >\n  \t\t\t\t\t\t<div class=\"image-cover\" style=\"padding-top:150px;\">\n  \t\t\t\t\t\t\t<img loading=\"lazy\" decoding=\"async\" width=\"2560\" height=\"1710\" src=\"https:\/\/www.driveblue.be\/wp-content\/uploads\/2023\/03\/History_1976_fiesta_basis-scaled.jpg\" class=\"attachment-original size-original wp-post-image\" alt=\"Ford Fiesta 1976\" srcset=\"https:\/\/www.driveblue.be\/wp-content\/uploads\/2023\/03\/History_1976_fiesta_basis-scaled.jpg 2560w, https:\/\/www.driveblue.be\/wp-content\/uploads\/2023\/03\/History_1976_fiesta_basis-300x200.jpg 300w, https:\/\/www.driveblue.be\/wp-content\/uploads\/2023\/03\/History_1976_fiesta_basis-1024x684.jpg 1024w, https:\/\/www.driveblue.be\/wp-content\/uploads\/2023\/03\/History_1976_fiesta_basis-768x513.jpg 768w, https:\/\/www.driveblue.be\/wp-content\/uploads\/2023\/03\/History_1976_fiesta_basis-1536x1026.jpg 1536w, https:\/\/www.driveblue.be\/wp-content\/uploads\/2023\/03\/History_1976_fiesta_basis-2048x1368.jpg 2048w\" sizes=\"auto, (max-width: 2560px) 100vw, 2560px\" \/>  \t\t\t\t\t\t\t  \t\t\t\t\t\t\t  \t\t\t\t\t\t<\/div>\n  \t\t\t\t\t\t  \t\t\t\t\t<\/div>\n          \t\t\t\t\t<div class=\"box-text text-center\" >\n\t\t\t\t\t<div class=\"box-text-inner blog-post-inner\">\n\n\t\t\t\t\t\n\t\t\t\t\t\t\t\t\t\t<h5 class=\"post-title is-large \">Adieu Fiesta : l&#8217;histoire de la c\u00e9l\u00e8bre Ford<\/h5>\n\t\t\t\t\t\t\t\t\t\t<div class=\"is-divider\"><\/div>\n\t\t\t\t\t                    \n\t\t\t\t\t\n\t\t\t\t\t\n\t\t\t\t\t<\/div>\n\t\t\t\t\t<\/div>\n\t\t\t\t\t\t\t\t\t<\/div>\n\t\t\t\t<\/a>\n\t\t\t<\/div>\n\t\t<\/div><div class=\"col post-item\" data-animate=\"fadeInLeft\">\n\t\t\t<div class=\"col-inner\">\n\t\t\t<a href=\"https:\/\/www.driveblue.be\/fr\/vous-optez-pour-lelectrique-les-avantages-et-les-inconvenients-des-voitures-electriques-ford\/\" class=\"plain\">\n\t\t\t\t<div class=\"box box-default box-text-bottom box-blog-post has-hover\">\n            \t\t\t\t\t<div class=\"box-image\" >\n  \t\t\t\t\t\t<div class=\"image-cover\" style=\"padding-top:150px;\">\n  \t\t\t\t\t\t\t<img loading=\"lazy\" decoding=\"async\" width=\"2560\" height=\"1277\" src=\"https:\/\/www.driveblue.be\/wp-content\/uploads\/2023\/03\/All-New_Ford_E-Transit_15-scaled.jpg\" class=\"attachment-original size-original wp-post-image\" alt=\"All-Electric Ford E-Transit &amp; Mustang Mach-E\" srcset=\"https:\/\/www.driveblue.be\/wp-content\/uploads\/2023\/03\/All-New_Ford_E-Transit_15-scaled.jpg 2560w, https:\/\/www.driveblue.be\/wp-content\/uploads\/2023\/03\/All-New_Ford_E-Transit_15-300x150.jpg 300w, https:\/\/www.driveblue.be\/wp-content\/uploads\/2023\/03\/All-New_Ford_E-Transit_15-1024x511.jpg 1024w, https:\/\/www.driveblue.be\/wp-content\/uploads\/2023\/03\/All-New_Ford_E-Transit_15-768x383.jpg 768w, https:\/\/www.driveblue.be\/wp-content\/uploads\/2023\/03\/All-New_Ford_E-Transit_15-1536x766.jpg 1536w, https:\/\/www.driveblue.be\/wp-content\/uploads\/2023\/03\/All-New_Ford_E-Transit_15-2048x1022.jpg 2048w\" sizes=\"auto, (max-width: 2560px) 100vw, 2560px\" \/>  \t\t\t\t\t\t\t  \t\t\t\t\t\t\t  \t\t\t\t\t\t<\/div>\n  \t\t\t\t\t\t  \t\t\t\t\t<\/div>\n          \t\t\t\t\t<div class=\"box-text text-center\" >\n\t\t\t\t\t<div class=\"box-text-inner blog-post-inner\">\n\n\t\t\t\t\t\n\t\t\t\t\t\t\t\t\t\t<h5 class=\"post-title is-large \">Les avantages et inconv\u00e9nients des voitures \u00e9lectriques<\/h5>\n\t\t\t\t\t\t\t\t\t\t<div class=\"is-divider\"><\/div>\n\t\t\t\t\t                    \n\t\t\t\t\t\n\t\t\t\t\t\n\t\t\t\t\t<\/div>\n\t\t\t\t\t<\/div>\n\t\t\t\t\t\t\t\t\t<\/div>\n\t\t\t\t<\/a>\n\t\t\t<\/div>\n\t\t<\/div><div class=\"col post-item\" data-animate=\"fadeInLeft\">\n\t\t\t<div class=\"col-inner\">\n\t\t\t<a href=\"https:\/\/www.driveblue.be\/fr\/ford-bronco-le-vehicule-tout-terrain-par-excellence-debarque-en-europe\/\" class=\"plain\">\n\t\t\t\t<div class=\"box box-default box-text-bottom box-blog-post has-hover\">\n            \t\t\t\t\t<div class=\"box-image\" >\n  \t\t\t\t\t\t<div class=\"image-cover\" style=\"padding-top:150px;\">\n  \t\t\t\t\t\t\t<img loading=\"lazy\" decoding=\"async\" width=\"2560\" height=\"1707\" src=\"https:\/\/www.driveblue.be\/wp-content\/uploads\/2023\/03\/FordBronco_HPRed_Dynamic_1-scaled.jpg\" class=\"attachment-original size-original wp-post-image\" alt=\"Ford Bronco 2023\" srcset=\"https:\/\/www.driveblue.be\/wp-content\/uploads\/2023\/03\/FordBronco_HPRed_Dynamic_1-scaled.jpg 2560w, https:\/\/www.driveblue.be\/wp-content\/uploads\/2023\/03\/FordBronco_HPRed_Dynamic_1-300x200.jpg 300w, https:\/\/www.driveblue.be\/wp-content\/uploads\/2023\/03\/FordBronco_HPRed_Dynamic_1-1024x683.jpg 1024w, https:\/\/www.driveblue.be\/wp-content\/uploads\/2023\/03\/FordBronco_HPRed_Dynamic_1-768x512.jpg 768w, https:\/\/www.driveblue.be\/wp-content\/uploads\/2023\/03\/FordBronco_HPRed_Dynamic_1-1536x1024.jpg 1536w, https:\/\/www.driveblue.be\/wp-content\/uploads\/2023\/03\/FordBronco_HPRed_Dynamic_1-2048x1366.jpg 2048w\" sizes=\"auto, (max-width: 2560px) 100vw, 2560px\" \/>  \t\t\t\t\t\t\t  \t\t\t\t\t\t\t  \t\t\t\t\t\t<\/div>\n  \t\t\t\t\t\t  \t\t\t\t\t<\/div>\n          \t\t\t\t\t<div class=\"box-text text-center\" >\n\t\t\t\t\t<div class=\"box-text-inner blog-post-inner\">\n\n\t\t\t\t\t\n\t\t\t\t\t\t\t\t\t\t<h5 class=\"post-title is-large \">Ford Bronco : le v\u00e9hicule tout-terrain par excellence d\u00e9barque en Europe<\/h5>\n\t\t\t\t\t\t\t\t\t\t<div class=\"is-divider\"><\/div>\n\t\t\t\t\t                    \n\t\t\t\t\t\n\t\t\t\t\t\n\t\t\t\t\t<\/div>\n\t\t\t\t\t<\/div>\n\t\t\t\t\t\t\t\t\t<\/div>\n\t\t\t\t<\/a>\n\t\t\t<\/div>\n\t\t<\/div><\/div>\n\n<div class=\"text-center\"><div class=\"is-divider divider clearfix\" ><\/div><\/div>\n\n<h4 style=\"text-align: center\">Sur <a href=\"https:\/\/www.driveblue.be\/fr\/\" target=\"_blank\" rel=\"noopener\">Driveblue<\/a>, vous trouverez le plus grand choix de v\u00e9hicules Ford neufs et d'occasion vendus par les concessionnaires officiels Ford.<\/h4>\n\t<section class=\"section\" id=\"section_1817537657\">\n\t\t<div class=\"bg section-bg fill bg-fill  bg-loaded\" >\n\n\t\t\t\n\t\t\t\n\t\t\t\n\n\t\t<\/div>\n\n\t\t\n\n\t\t<div class=\"section-content relative\">\n\t\t\t\n\n<div class=\"row row-small\"  id=\"row-1589780890\">\n\n\n\t<div id=\"col-1652705754\" class=\"col medium-4 small-12 large-4\"  >\n\t\t\t\t<div class=\"col-inner\"  >\n\t\t\t\n\t\t\t\n\n\n  <div class=\"banner has-hover bg-overlay-remove\" id=\"banner-1557048788\">\n          <div class=\"banner-inner fill\">\n        <div class=\"banner-bg fill\" >\n            <div class=\"bg fill bg-fill \"><\/div>\n                        <div class=\"overlay\"><\/div>            \n                    <\/div>\n\t\t\n        <div class=\"banner-layers container\">\n            <div class=\"fill banner-link\"><\/div>            \n\n   <div id=\"text-box-1768697131\" class=\"text-box banner-layer x50 md-x50 lg-x50 y50 md-y50 lg-y50 res-text\">\n                                <div class=\"text-box-content text dark\">\n              \n\t<div class=\"is-border\"\n\t\tstyle=\"border-width:2px 2px 2px 2px;margin:0px 0px 0px 0px;\">\n\t<\/div>\n              <div class=\"text-inner text-center\">\n                  \n\n<a href=\"https:\/\/www.driveblue.be\/fr\/acheter-une-voiture\/?----------Nieuw----------\" target=\"_self\" class=\"button primary is-outline is-xlarge expand\"  >\n    <span>Nouveaux v\u00e9hicules<\/span>\n  <\/a>\n\n\n\n              <\/div>\n           <\/div>\n                            \n<style>\n#text-box-1768697131 {\n  width: 60%;\n}\n#text-box-1768697131 .text-box-content {\n  font-size: 100%;\n}\n<\/style>\n    <\/div>\n \n\n        <\/div>\n      <\/div>\n\n            \n<style>\n#banner-1557048788 {\n  padding-top: 400px;\n  background-color: rgba(255, 255, 255, 0);\n}\n#banner-1557048788 .bg.bg-loaded {\n  background-image: url(https:\/\/www.driveblue.be\/wp-content\/uploads\/2024\/07\/2024Ford_ElectricCapri_35-scaled-e1721218524700-1024x664.jpg);\n}\n#banner-1557048788 .overlay {\n  background-color: rgba(0, 0, 0, 0.35);\n}\n#banner-1557048788 .bg {\n  background-position: 55% 45%;\n}\n#banner-1557048788 .ux-shape-divider--top svg {\n  height: 150px;\n  --divider-top-width: 100%;\n}\n#banner-1557048788 .ux-shape-divider--bottom svg {\n  height: 150px;\n  --divider-width: 100%;\n}\n@media (min-width:550px) {\n  #banner-1557048788 {\n    padding-top: 350px;\n  }\n}\n<\/style>\n  <\/div>\n\n\n\n\t\t<\/div>\n\t\t\t\t\t<\/div>\n\n\t\n\n\t<div id=\"col-479481627\" class=\"col medium-4 small-12 large-4\"  >\n\t\t\t\t<div class=\"col-inner\"  >\n\t\t\t\n\t\t\t\n\n\n  <div class=\"banner has-hover bg-overlay-remove\" id=\"banner-1667888841\">\n          <div class=\"banner-inner fill\">\n        <div class=\"banner-bg fill\" >\n            <div class=\"bg fill bg-fill \"><\/div>\n                        <div class=\"overlay\"><\/div>            \n                    <\/div>\n\t\t\n        <div class=\"banner-layers container\">\n            <div class=\"fill banner-link\"><\/div>            \n\n   <div id=\"text-box-1698731598\" class=\"text-box banner-layer x50 md-x50 lg-x50 y50 md-y50 lg-y50 res-text\">\n                                <div class=\"text-box-content text dark\">\n              \n\t<div class=\"is-border\"\n\t\tstyle=\"border-width:2px 2px 2px 2px;margin:0px 0px 0px 0px;\">\n\t<\/div>\n              <div class=\"text-inner text-center\">\n                  \n\n<a href=\"https:\/\/www.driveblue.be\/fr\/acheter-une-voiture\/?----------Tweedehands----------\" target=\"_self\" class=\"button primary is-outline is-xlarge expand\"  >\n    <span>V\u00e9hicules d&#039;occasions<\/span>\n  <\/a>\n\n\n\n              <\/div>\n           <\/div>\n                            \n<style>\n#text-box-1698731598 {\n  width: 60%;\n}\n#text-box-1698731598 .text-box-content {\n  font-size: 100%;\n}\n<\/style>\n    <\/div>\n \n\n        <\/div>\n      <\/div>\n\n            \n<style>\n#banner-1667888841 {\n  padding-top: 400px;\n  background-color: rgba(255, 255, 255, 0);\n}\n#banner-1667888841 .bg.bg-loaded {\n  background-image: url(https:\/\/www.driveblue.be\/wp-content\/uploads\/2024\/02\/2024_FORD_PUMA_9-1024x627.jpg);\n}\n#banner-1667888841 .overlay {\n  background-color: rgba(0, 0, 0, 0.35);\n}\n#banner-1667888841 .bg {\n  background-position: 55%;\n}\n#banner-1667888841 .ux-shape-divider--top svg {\n  height: 150px;\n  --divider-top-width: 100%;\n}\n#banner-1667888841 .ux-shape-divider--bottom svg {\n  height: 150px;\n  --divider-width: 100%;\n}\n@media (min-width:550px) {\n  #banner-1667888841 {\n    padding-top: 350px;\n  }\n}\n<\/style>\n  <\/div>\n\n\n\n\t\t<\/div>\n\t\t\t\t\t<\/div>\n\n\t\n\n\t<div id=\"col-126376087\" class=\"col medium-4 small-12 large-4\"  >\n\t\t\t\t<div class=\"col-inner\"  >\n\t\t\t\n\t\t\t\n\n\n  <div class=\"banner has-hover bg-overlay-remove\" id=\"banner-1036135699\">\n          <div class=\"banner-inner fill\">\n        <div class=\"banner-bg fill\" >\n            <div class=\"bg fill bg-fill \"><\/div>\n                        <div class=\"overlay\"><\/div>            \n\t<div class=\"is-border\"\n\t\tstyle=\"border-radius:40px;border-width:0px 0px 0px 0px;margin:0px 0px 0px 0px;\">\n\t<\/div>\n                    <\/div>\n\t\t\n        <div class=\"banner-layers container\">\n            <div class=\"fill banner-link\"><\/div>            \n\n   <div id=\"text-box-1147194787\" class=\"text-box banner-layer x50 md-x50 lg-x50 y50 md-y50 lg-y50 res-text\">\n                                <div class=\"text-box-content text dark\">\n              \n\t<div class=\"is-border\"\n\t\tstyle=\"border-width:2px 2px 2px 2px;margin:0px 0px 0px 0px;\">\n\t<\/div>\n              <div class=\"text-inner text-center\">\n                  \n\n<a href=\"https:\/\/www.driveblue.be\/fr\/acheter-une-voiture\/?---Gesloten%20bestelwagen\" target=\"_self\" class=\"button primary is-outline is-xlarge expand\"  >\n    <span>V\u00e9hicule de soci\u00e9t\u00e9<\/span>\n  <\/a>\n\n\n\n              <\/div>\n           <\/div>\n                            \n<style>\n#text-box-1147194787 {\n  width: 60%;\n}\n#text-box-1147194787 .text-box-content {\n  font-size: 100%;\n}\n<\/style>\n    <\/div>\n \n\n        <\/div>\n      <\/div>\n\n            \n<style>\n#banner-1036135699 {\n  padding-top: 400px;\n  background-color: rgba(255, 255, 255, 0);\n}\n#banner-1036135699 .bg.bg-loaded {\n  background-image: url(https:\/\/www.driveblue.be\/wp-content\/uploads\/2025\/02\/transitcustom.jpg);\n}\n#banner-1036135699 .overlay {\n  background-color: rgba(0, 0, 0, 0.35);\n}\n#banner-1036135699 .bg {\n  background-position: 30% 95%;\n}\n#banner-1036135699 .ux-shape-divider--top svg {\n  height: 150px;\n  --divider-top-width: 100%;\n}\n#banner-1036135699 .ux-shape-divider--bottom svg {\n  height: 150px;\n  --divider-width: 100%;\n}\n@media (min-width:550px) {\n  #banner-1036135699 {\n    padding-top: 350px;\n  }\n}\n<\/style>\n  <\/div>\n\n\n\n\t\t<\/div>\n\t\t\t\t\t<\/div>\n\n\t\n\n<\/div>\n\n\t\t<\/div>\n\n\t\t\n<style>\n#section_1817537657 {\n  padding-top: 10px;\n  padding-bottom: 10px;\n}\n#section_1817537657 .ux-shape-divider--top svg {\n  height: 150px;\n  --divider-top-width: 100%;\n}\n#section_1817537657 .ux-shape-divider--bottom svg {\n  height: 150px;\n  --divider-width: 100%;\n}\n<\/style>\n\t<\/section>\n\t\n\n\n","protected":false},"excerpt":{"rendered":"","protected":false},"author":17,"featured_media":8834,"comment_status":"closed","ping_status":"open","sticky":false,"template":"","format":"standard","meta":{"footnotes":""},"categories":[20],"tags":[61,62,99],"class_list":["post-8840","post","type-post","status-publish","format-standard","has-post-thumbnail","hentry","category-actualite","tag-electric-fr","tag-ford-fr","tag-puma-gen-e-fr-2"],"acf":[],"yoast_head":"<!-- This site is optimized with the Yoast SEO plugin v20.12 - https:\/\/yoast.com\/wordpress\/plugins\/seo\/ -->\n<title>Ford Puma Gen-E : le SUV urbain id\u00e9al - DriveBlue<\/title>\n<meta name=\"description\" content=\"La Ford Puma s&#039;est r\u00e9invent\u00e9e ! Voici la Ford Puma Gen-E, le SUV \u00e9lectrique id\u00e9al pour les environnements urbains.\" \/>\n<meta name=\"robots\" content=\"index, follow, max-snippet:-1, max-image-preview:large, max-video-preview:-1\" \/>\n<link rel=\"canonical\" href=\"https:\/\/www.driveblue.be\/fr\/ford-puma-gen-e-le-suv-urbain-ideal\/\" \/>\n<meta property=\"og:locale\" content=\"fr_FR\" \/>\n<meta property=\"og:type\" content=\"article\" \/>\n<meta property=\"og:title\" content=\"Ford Puma Gen-E : le SUV urbain id\u00e9al - DriveBlue\" \/>\n<meta property=\"og:description\" content=\"La Ford Puma s&#039;est r\u00e9invent\u00e9e ! Voici la Ford Puma Gen-E, le SUV \u00e9lectrique id\u00e9al pour les environnements urbains.\" \/>\n<meta property=\"og:url\" content=\"https:\/\/www.driveblue.be\/fr\/ford-puma-gen-e-le-suv-urbain-ideal\/\" \/>\n<meta property=\"og:site_name\" content=\"DriveBlue\" \/>\n<meta property=\"article:published_time\" content=\"2025-02-10T17:21:08+00:00\" \/>\n<meta property=\"article:modified_time\" content=\"2025-02-27T09:41:54+00:00\" \/>\n<meta property=\"og:image\" content=\"https:\/\/www.driveblue.be\/wp-content\/uploads\/2025\/02\/FORD_2024_PUMA_GEN-E_10-LOW-e1739204470505.jpg\" \/>\n\t<meta property=\"og:image:width\" content=\"2048\" \/>\n\t<meta property=\"og:image:height\" content=\"1536\" \/>\n\t<meta property=\"og:image:type\" content=\"image\/jpeg\" \/>\n<meta name=\"author\" content=\"Sven\" \/>\n<meta name=\"twitter:card\" content=\"summary_large_image\" \/>\n<meta name=\"twitter:label1\" content=\"\u00c9crit par\" \/>\n\t<meta name=\"twitter:data1\" content=\"Sven\" \/>\n\t<meta name=\"twitter:label2\" content=\"Dur\u00e9e de lecture est.\" \/>\n\t<meta name=\"twitter:data2\" content=\"1 minute\" \/>\n<script type=\"application\/ld+json\" class=\"yoast-schema-graph\">{\"@context\":\"https:\/\/schema.org\",\"@graph\":[{\"@type\":\"WebPage\",\"@id\":\"https:\/\/www.driveblue.be\/fr\/ford-puma-gen-e-le-suv-urbain-ideal\/\",\"url\":\"https:\/\/www.driveblue.be\/fr\/ford-puma-gen-e-le-suv-urbain-ideal\/\",\"name\":\"Ford Puma Gen-E : le SUV urbain id\u00e9al - DriveBlue\",\"isPartOf\":{\"@id\":\"https:\/\/www.driveblue.be\/fr\/#website\"},\"datePublished\":\"2025-02-10T17:21:08+00:00\",\"dateModified\":\"2025-02-27T09:41:54+00:00\",\"author\":{\"@id\":\"https:\/\/www.driveblue.be\/fr\/#\/schema\/person\/2f2e50a1154f45f0b869427a2ae4c309\"},\"description\":\"La Ford Puma s'est r\u00e9invent\u00e9e ! Voici la Ford Puma Gen-E, le SUV \u00e9lectrique id\u00e9al pour les environnements urbains.\",\"breadcrumb\":{\"@id\":\"https:\/\/www.driveblue.be\/fr\/ford-puma-gen-e-le-suv-urbain-ideal\/#breadcrumb\"},\"inLanguage\":\"fr-BE\",\"potentialAction\":[{\"@type\":\"ReadAction\",\"target\":[\"https:\/\/www.driveblue.be\/fr\/ford-puma-gen-e-le-suv-urbain-ideal\/\"]}]},{\"@type\":\"BreadcrumbList\",\"@id\":\"https:\/\/www.driveblue.be\/fr\/ford-puma-gen-e-le-suv-urbain-ideal\/#breadcrumb\",\"itemListElement\":[{\"@type\":\"ListItem\",\"position\":1,\"name\":\"Home\",\"item\":\"https:\/\/www.driveblue.be\/fr\/\"},{\"@type\":\"ListItem\",\"position\":2,\"name\":\"Ford Puma Gen-E : le SUV urbain id\u00e9al\"}]},{\"@type\":\"WebSite\",\"@id\":\"https:\/\/www.driveblue.be\/fr\/#website\",\"url\":\"https:\/\/www.driveblue.be\/fr\/\",\"name\":\"DriveBlue\",\"description\":\"\",\"potentialAction\":[{\"@type\":\"SearchAction\",\"target\":{\"@type\":\"EntryPoint\",\"urlTemplate\":\"https:\/\/www.driveblue.be\/fr\/?s={search_term_string}\"},\"query-input\":\"required name=search_term_string\"}],\"inLanguage\":\"fr-BE\"},{\"@type\":\"Person\",\"@id\":\"https:\/\/www.driveblue.be\/fr\/#\/schema\/person\/2f2e50a1154f45f0b869427a2ae4c309\",\"name\":\"Sven\",\"image\":{\"@type\":\"ImageObject\",\"inLanguage\":\"fr-BE\",\"@id\":\"https:\/\/www.driveblue.be\/fr\/#\/schema\/person\/image\/\",\"url\":\"https:\/\/secure.gravatar.com\/avatar\/203da86f8066b477c5f42ba122b9ed1dcd0bf1cf1458f139822175b43328cc8c?s=96&d=mm&r=g\",\"contentUrl\":\"https:\/\/secure.gravatar.com\/avatar\/203da86f8066b477c5f42ba122b9ed1dcd0bf1cf1458f139822175b43328cc8c?s=96&d=mm&r=g\",\"caption\":\"Sven\"},\"url\":\"https:\/\/www.driveblue.be\"}]}<\/script>\n<!-- \/ Yoast SEO plugin. -->","yoast_head_json":{"title":"Ford Puma Gen-E : le SUV urbain id\u00e9al - DriveBlue","description":"La Ford Puma s'est r\u00e9invent\u00e9e ! Voici la Ford Puma Gen-E, le SUV \u00e9lectrique id\u00e9al pour les environnements urbains.","robots":{"index":"index","follow":"follow","max-snippet":"max-snippet:-1","max-image-preview":"max-image-preview:large","max-video-preview":"max-video-preview:-1"},"canonical":"https:\/\/www.driveblue.be\/fr\/ford-puma-gen-e-le-suv-urbain-ideal\/","og_locale":"fr_FR","og_type":"article","og_title":"Ford Puma Gen-E : le SUV urbain id\u00e9al - DriveBlue","og_description":"La Ford Puma s'est r\u00e9invent\u00e9e ! Voici la Ford Puma Gen-E, le SUV \u00e9lectrique id\u00e9al pour les environnements urbains.","og_url":"https:\/\/www.driveblue.be\/fr\/ford-puma-gen-e-le-suv-urbain-ideal\/","og_site_name":"DriveBlue","article_published_time":"2025-02-10T17:21:08+00:00","article_modified_time":"2025-02-27T09:41:54+00:00","og_image":[{"width":2048,"height":1536,"url":"https:\/\/www.driveblue.be\/wp-content\/uploads\/2025\/02\/FORD_2024_PUMA_GEN-E_10-LOW-e1739204470505.jpg","type":"image\/jpeg"}],"author":"Sven","twitter_card":"summary_large_image","twitter_misc":{"\u00c9crit par":"Sven","Dur\u00e9e de lecture est.":"1 minute"},"schema":{"@context":"https:\/\/schema.org","@graph":[{"@type":"WebPage","@id":"https:\/\/www.driveblue.be\/fr\/ford-puma-gen-e-le-suv-urbain-ideal\/","url":"https:\/\/www.driveblue.be\/fr\/ford-puma-gen-e-le-suv-urbain-ideal\/","name":"Ford Puma Gen-E : le SUV urbain id\u00e9al - DriveBlue","isPartOf":{"@id":"https:\/\/www.driveblue.be\/fr\/#website"},"datePublished":"2025-02-10T17:21:08+00:00","dateModified":"2025-02-27T09:41:54+00:00","author":{"@id":"https:\/\/www.driveblue.be\/fr\/#\/schema\/person\/2f2e50a1154f45f0b869427a2ae4c309"},"description":"La Ford Puma s'est r\u00e9invent\u00e9e ! Voici la Ford Puma Gen-E, le SUV \u00e9lectrique id\u00e9al pour les environnements urbains.","breadcrumb":{"@id":"https:\/\/www.driveblue.be\/fr\/ford-puma-gen-e-le-suv-urbain-ideal\/#breadcrumb"},"inLanguage":"fr-BE","potentialAction":[{"@type":"ReadAction","target":["https:\/\/www.driveblue.be\/fr\/ford-puma-gen-e-le-suv-urbain-ideal\/"]}]},{"@type":"BreadcrumbList","@id":"https:\/\/www.driveblue.be\/fr\/ford-puma-gen-e-le-suv-urbain-ideal\/#breadcrumb","itemListElement":[{"@type":"ListItem","position":1,"name":"Home","item":"https:\/\/www.driveblue.be\/fr\/"},{"@type":"ListItem","position":2,"name":"Ford Puma Gen-E : le SUV urbain id\u00e9al"}]},{"@type":"WebSite","@id":"https:\/\/www.driveblue.be\/fr\/#website","url":"https:\/\/www.driveblue.be\/fr\/","name":"DriveBlue","description":"","potentialAction":[{"@type":"SearchAction","target":{"@type":"EntryPoint","urlTemplate":"https:\/\/www.driveblue.be\/fr\/?s={search_term_string}"},"query-input":"required name=search_term_string"}],"inLanguage":"fr-BE"},{"@type":"Person","@id":"https:\/\/www.driveblue.be\/fr\/#\/schema\/person\/2f2e50a1154f45f0b869427a2ae4c309","name":"Sven","image":{"@type":"ImageObject","inLanguage":"fr-BE","@id":"https:\/\/www.driveblue.be\/fr\/#\/schema\/person\/image\/","url":"https:\/\/secure.gravatar.com\/avatar\/203da86f8066b477c5f42ba122b9ed1dcd0bf1cf1458f139822175b43328cc8c?s=96&d=mm&r=g","contentUrl":"https:\/\/secure.gravatar.com\/avatar\/203da86f8066b477c5f42ba122b9ed1dcd0bf1cf1458f139822175b43328cc8c?s=96&d=mm&r=g","caption":"Sven"},"url":"https:\/\/www.driveblue.be"}]}},"_links":{"self":[{"href":"https:\/\/www.driveblue.be\/fr\/wp-json\/wp\/v2\/posts\/8840","targetHints":{"allow":["GET"]}}],"collection":[{"href":"https:\/\/www.driveblue.be\/fr\/wp-json\/wp\/v2\/posts"}],"about":[{"href":"https:\/\/www.driveblue.be\/fr\/wp-json\/wp\/v2\/types\/post"}],"author":[{"embeddable":true,"href":"https:\/\/www.driveblue.be\/fr\/wp-json\/wp\/v2\/users\/17"}],"replies":[{"embeddable":true,"href":"https:\/\/www.driveblue.be\/fr\/wp-json\/wp\/v2\/comments?post=8840"}],"version-history":[{"count":4,"href":"https:\/\/www.driveblue.be\/fr\/wp-json\/wp\/v2\/posts\/8840\/revisions"}],"predecessor-version":[{"id":8896,"href":"https:\/\/www.driveblue.be\/fr\/wp-json\/wp\/v2\/posts\/8840\/revisions\/8896"}],"wp:featuredmedia":[{"embeddable":true,"href":"https:\/\/www.driveblue.be\/fr\/wp-json\/wp\/v2\/media\/8834"}],"wp:attachment":[{"href":"https:\/\/www.driveblue.be\/fr\/wp-json\/wp\/v2\/media?parent=8840"}],"wp:term":[{"taxonomy":"category","embeddable":true,"href":"https:\/\/www.driveblue.be\/fr\/wp-json\/wp\/v2\/categories?post=8840"},{"taxonomy":"post_tag","embeddable":true,"href":"https:\/\/www.driveblue.be\/fr\/wp-json\/wp\/v2\/tags?post=8840"}],"curies":[{"name":"wp","href":"https:\/\/api.w.org\/{rel}","templated":true}]}}