{"id":8935,"date":"2025-03-25T14:34:59","date_gmt":"2025-03-25T13:34:59","guid":{"rendered":"https:\/\/www.driveblue.be\/le-guide-ultime-de-la-ford-nugget-de-la-cote-aux-ardennes-en-toute-liberte\/"},"modified":"2025-03-25T14:35:00","modified_gmt":"2025-03-25T13:35:00","slug":"le-guide-ultime-de-la-ford-nugget-de-la-cote-aux-ardennes-en-toute-liberte","status":"publish","type":"post","link":"https:\/\/www.driveblue.be\/fr\/le-guide-ultime-de-la-ford-nugget-de-la-cote-aux-ardennes-en-toute-liberte\/","title":{"rendered":"Le guide ultime de la Ford Nugget : de la c\u00f4te aux Ardennes en toute libert\u00e9"},"content":{"rendered":"\n<p><strong>La libert\u00e9 prend un tout autre sens avec le <a href=\"https:\/\/www.fr.ford.be\/fourgons-et-pick-up\/nouveau-transit-custom-nugget\">Ford Nugget<\/a>. Ce camping-car ing\u00e9nieusement con\u00e7u allie le confort d&#8217;une petite maison \u00e0 la maniabilit\u00e9 d&#8217;une voiture de tourisme. Dans ce guide, nous vous emmenons dans les plus beaux endroits de Belgique et vous montrons comment profiter au maximum de vos aventures avec le Nugget.  <\/strong><\/p>\n<h3><strong>Pourquoi le Ford Nugget est parfait pour la Belgique<\/strong><\/h3>\n<p>La derni\u00e8re Ford Nugget est con\u00e7ue pour les routes belge. Avec ses dimensions compactes, il se faufile sans effort dans les rues \u00e9troites des villages c\u00f4tiers et sur les routes sinueuses des Ardennes. La cuisine intelligente en forme de L, le coin salon confortable et l&#8217;espace de couchage spacieux font de chaque arr\u00eat un moment agr\u00e9able.  <\/p>\n<ul>\n<li>\u2022 Dimensions compactes (5,34 m) : parfait pour les routes \u00e9troites<\/li>\n<li>\u2022 Cuisine intelligente en L avec cuisini\u00e8re \u00e0 2 feux et r\u00e9frig\u00e9rateur<\/li>\n<li>\u2022 Si\u00e8ges confortables avec si\u00e8ges avant pivotants<\/li>\n<li>\u2022 Vaste capacit\u00e9 de couchage pour 4 personnes<\/li>\n<li>\u2022 Smart Camper Control via votre smartphone<\/li>\n<\/ul>\n<p> <\/p>\n<h3><strong>Les meilleurs endroits pour camper avec votre Nugget<\/strong><\/h3>\n<h5><strong>1. Sur la c\u00f4te : Kompas Camping Westende<\/strong><\/h5>\n<p>\u00c0 seulement 10 minutes de marche de la plage, vous trouverez ce camping familial moderne. Avec des emplacements spacieux et d&#8217;excellents \u00e9quipements, c&#8217;est le point de d\u00e9part id\u00e9al pour explorer la c\u00f4te. Le camping propose \u00e9galement des installations sanitaires priv\u00e9es et est id\u00e9alement situ\u00e9 pour les excursions vers Ostende et Nieuwpoort.  <\/p>\n<p><strong><a class=\"font-bold bg-neutral-200 dark:bg-neutral-700 rounded-md py-0.5 px-1.5 no-underline\" href=\"http:\/\/www.kompascamping.be\/westende\" target=\"_blank\" rel=\"noopener\">www.kompascamping.be\/westende<\/a><\/strong><\/p>\n<div class=\"row\"  id=\"row-1719652649\">\n\n\n\t<div id=\"col-1880635285\" class=\"col medium-4 small-12 large-4\"  >\n\t\t\t\t<div class=\"col-inner\"  >\n\t\t\t\n\t\t\t\n\n\t<div class=\"img has-hover x md-x lg-x y md-y lg-y\" id=\"image_588743604\">\n\t\t\t\t\t\t\t\t<div class=\"img-inner image-cover dark\" style=\"padding-top:75%;\">\n\t\t\t<img loading=\"lazy\" decoding=\"async\" width=\"1020\" height=\"765\" src=\"https:\/\/www.driveblue.be\/wp-content\/uploads\/2025\/03\/preprocessed-1024x768.jpg\" class=\"attachment-large size-large\" alt=\"Camping Ford Nugget\" srcset=\"https:\/\/www.driveblue.be\/wp-content\/uploads\/2025\/03\/preprocessed-1024x768.jpg 1024w, https:\/\/www.driveblue.be\/wp-content\/uploads\/2025\/03\/preprocessed-300x225.jpg 300w, https:\/\/www.driveblue.be\/wp-content\/uploads\/2025\/03\/preprocessed-768x576.jpg 768w, https:\/\/www.driveblue.be\/wp-content\/uploads\/2025\/03\/preprocessed-1536x1152.jpg 1536w, https:\/\/www.driveblue.be\/wp-content\/uploads\/2025\/03\/preprocessed.jpg 1600w\" sizes=\"auto, (max-width: 1020px) 100vw, 1020px\" \/>\t\t\t\t\t\t\n\t\t\t\t\t<\/div>\n\t\t\t\t\t\t\t\t\n<style>\n#image_588743604 {\n  width: 100%;\n}\n<\/style>\n\t<\/div>\n\t\n\n\n\t\t<\/div>\n\t\t\t\t\t<\/div>\n\n\t\n\n\t<div id=\"col-580412808\" class=\"col medium-4 small-12 large-4\"  >\n\t\t\t\t<div class=\"col-inner\"  >\n\t\t\t\n\t\t\t\n\n\t<div class=\"img has-hover x md-x lg-x y md-y lg-y\" id=\"image_119229841\">\n\t\t\t\t\t\t\t\t<div class=\"img-inner image-cover dark\" style=\"padding-top:75%;\">\n\t\t\t<img loading=\"lazy\" decoding=\"async\" width=\"1020\" height=\"765\" src=\"https:\/\/www.driveblue.be\/wp-content\/uploads\/2025\/03\/preprocessed-1024x768.jpg\" class=\"attachment-large size-large\" alt=\"Camping Ford Nugget\" srcset=\"https:\/\/www.driveblue.be\/wp-content\/uploads\/2025\/03\/preprocessed-1024x768.jpg 1024w, https:\/\/www.driveblue.be\/wp-content\/uploads\/2025\/03\/preprocessed-300x225.jpg 300w, https:\/\/www.driveblue.be\/wp-content\/uploads\/2025\/03\/preprocessed-768x576.jpg 768w, https:\/\/www.driveblue.be\/wp-content\/uploads\/2025\/03\/preprocessed-1536x1152.jpg 1536w, https:\/\/www.driveblue.be\/wp-content\/uploads\/2025\/03\/preprocessed.jpg 1600w\" sizes=\"auto, (max-width: 1020px) 100vw, 1020px\" \/>\t\t\t\t\t\t\n\t\t\t\t\t<\/div>\n\t\t\t\t\t\t\t\t\n<style>\n#image_119229841 {\n  width: 100%;\n}\n<\/style>\n\t<\/div>\n\t\n\n\n\t\t<\/div>\n\t\t\t\t\t<\/div>\n\n\t\n\n\t<div id=\"col-1804256244\" class=\"col medium-4 small-12 large-4\"  >\n\t\t\t\t<div class=\"col-inner\"  >\n\t\t\t\n\t\t\t\n\n\t<div class=\"img has-hover x md-x lg-x y md-y lg-y\" id=\"image_770446136\">\n\t\t\t\t\t\t\t\t<div class=\"img-inner image-cover dark\" style=\"padding-top:75%;\">\n\t\t\t<img loading=\"lazy\" decoding=\"async\" width=\"1020\" height=\"574\" src=\"https:\/\/www.driveblue.be\/wp-content\/uploads\/2025\/03\/optimized-1024x576.jpg\" class=\"attachment-large size-large\" alt=\"Camping Ford Nugget\" srcset=\"https:\/\/www.driveblue.be\/wp-content\/uploads\/2025\/03\/optimized-1024x576.jpg 1024w, https:\/\/www.driveblue.be\/wp-content\/uploads\/2025\/03\/optimized-300x169.jpg 300w, https:\/\/www.driveblue.be\/wp-content\/uploads\/2025\/03\/optimized-768x432.jpg 768w, https:\/\/www.driveblue.be\/wp-content\/uploads\/2025\/03\/optimized-1536x864.jpg 1536w, https:\/\/www.driveblue.be\/wp-content\/uploads\/2025\/03\/optimized.jpg 1600w\" sizes=\"auto, (max-width: 1020px) 100vw, 1020px\" \/>\t\t\t\t\t\t\n\t\t\t\t\t<\/div>\n\t\t\t\t\t\t\t\t\n<style>\n#image_770446136 {\n  width: 100%;\n}\n<\/style>\n\t<\/div>\n\t\n\n\n\t\t<\/div>\n\t\t\t\t\t<\/div>\n\n\t\n\n<\/div>\n<div class=\"text-center\"><div class=\"is-divider divider clearfix\" ><\/div><\/div>\n\n<h5><strong>2. Dans les Ardennes : Camping Huttopia Vall\u00e9e de la Semois<\/strong><\/h5>\n<p>Ce magnifique camping naturel, situ\u00e9 au c\u0153ur des Ardennes, propose des emplacements spacieux au milieu de la verdure. Il est parfait pour ceux qui recherchent la tranquillit\u00e9 et un acc\u00e8s direct aux sentiers de randonn\u00e9e. Ses installations modernes et son atmosph\u00e8re conviviale en font une destination de choix pour votre aventure en Nugget.   <\/p>\n<p><strong><a href=\"https:\/\/europe.huttopia.com\/site\/vallee-de-la-semois-ardenne\/\">https:\/\/europe.huttopia.com\/site\/vallee-de-la-semois-ardenne\/<\/a><\/strong><\/p>\n<div class=\"row\"  id=\"row-465184658\">\n\n\n\t<div id=\"col-1949288496\" class=\"col medium-4 small-12 large-4\"  >\n\t\t\t\t<div class=\"col-inner\"  >\n\t\t\t\n\t\t\t\n\n\t<div class=\"img has-hover x md-x lg-x y md-y lg-y\" id=\"image_358810818\">\n\t\t\t\t\t\t\t\t<div class=\"img-inner image-cover dark\" style=\"padding-top:75%;\">\n\t\t\t<img loading=\"lazy\" decoding=\"async\" width=\"868\" height=\"648\" src=\"https:\/\/www.driveblue.be\/wp-content\/uploads\/2025\/03\/0001.png\" class=\"attachment-large size-large\" alt=\"Camping vall\u00e9e de la semois\" srcset=\"https:\/\/www.driveblue.be\/wp-content\/uploads\/2025\/03\/0001.png 868w, https:\/\/www.driveblue.be\/wp-content\/uploads\/2025\/03\/0001-300x224.png 300w, https:\/\/www.driveblue.be\/wp-content\/uploads\/2025\/03\/0001-768x573.png 768w\" sizes=\"auto, (max-width: 868px) 100vw, 868px\" \/>\t\t\t\t\t\t\n\t\t\t\t\t<\/div>\n\t\t\t\t\t\t\t\t\n<style>\n#image_358810818 {\n  width: 100%;\n}\n<\/style>\n\t<\/div>\n\t\n\n\n\t\t<\/div>\n\t\t\t\t\t<\/div>\n\n\t\n\n\t<div id=\"col-1997689248\" class=\"col medium-4 small-12 large-4\"  >\n\t\t\t\t<div class=\"col-inner\"  >\n\t\t\t\n\t\t\t\n\n\t<div class=\"img has-hover x md-x lg-x y md-y lg-y\" id=\"image_1766277521\">\n\t\t\t\t\t\t\t\t<div class=\"img-inner image-cover dark\" style=\"padding-top:75%;\">\n\t\t\t<img loading=\"lazy\" decoding=\"async\" width=\"971\" height=\"648\" src=\"https:\/\/www.driveblue.be\/wp-content\/uploads\/2025\/03\/0002.png\" class=\"attachment-large size-large\" alt=\"Camping vall\u00e9e de la semois\" srcset=\"https:\/\/www.driveblue.be\/wp-content\/uploads\/2025\/03\/0002.png 971w, https:\/\/www.driveblue.be\/wp-content\/uploads\/2025\/03\/0002-300x200.png 300w, https:\/\/www.driveblue.be\/wp-content\/uploads\/2025\/03\/0002-768x513.png 768w\" sizes=\"auto, (max-width: 971px) 100vw, 971px\" \/>\t\t\t\t\t\t\n\t\t\t\t\t<\/div>\n\t\t\t\t\t\t\t\t\n<style>\n#image_1766277521 {\n  width: 100%;\n}\n<\/style>\n\t<\/div>\n\t\n\n\n\t\t<\/div>\n\t\t\t\t\t<\/div>\n\n\t\n\n\t<div id=\"col-1780857556\" class=\"col medium-4 small-12 large-4\"  >\n\t\t\t\t<div class=\"col-inner\"  >\n\t\t\t\n\t\t\t\n\n\t<div class=\"img has-hover x md-x lg-x y md-y lg-y\" id=\"image_1368976260\">\n\t\t\t\t\t\t\t\t<div class=\"img-inner image-cover dark\" style=\"padding-top:75%;\">\n\t\t\t<img loading=\"lazy\" decoding=\"async\" width=\"975\" height=\"650\" src=\"https:\/\/www.driveblue.be\/wp-content\/uploads\/2025\/03\/0003.png\" class=\"attachment-large size-large\" alt=\"Camping vall\u00e9e de la semois\" srcset=\"https:\/\/www.driveblue.be\/wp-content\/uploads\/2025\/03\/0003.png 975w, https:\/\/www.driveblue.be\/wp-content\/uploads\/2025\/03\/0003-300x200.png 300w, https:\/\/www.driveblue.be\/wp-content\/uploads\/2025\/03\/0003-768x512.png 768w\" sizes=\"auto, (max-width: 975px) 100vw, 975px\" \/>\t\t\t\t\t\t\n\t\t\t\t\t<\/div>\n\t\t\t\t\t\t\t\t\n<style>\n#image_1368976260 {\n  width: 100%;\n}\n<\/style>\n\t<\/div>\n\t\n\n\n\t\t<\/div>\n\t\t\t\t\t<\/div>\n\n\t\n\n<\/div>\n<div class=\"text-center\"><div class=\"is-divider divider clearfix\" ><\/div><\/div>\n\n<h5><strong>3. Pour les familles actives : Ardennes Camping Bertrix<\/strong><\/h5>\n<p>L&#8217;un des campings les mieux not\u00e9s de la r\u00e9gion, avec d&#8217;excellents \u00e9quipements pour les familles. Les emplacements spacieux sont parfaits pour votre Nugget, et vous avez un acc\u00e8s direct aux pistes de VTT et aux sentiers de randonn\u00e9e. La piscine chauff\u00e9e est un atout suppl\u00e9mentaire.  <\/p>\n<p><strong><a href=\"https:\/\/www.campingbertrix.be\/\">https:\/\/www.campingbertrix.be\/<\/a><\/strong><\/p>\n<div class=\"row\"  id=\"row-1102441896\">\n\n\n\t<div id=\"col-852774883\" class=\"col medium-4 small-12 large-4\"  >\n\t\t\t\t<div class=\"col-inner\"  >\n\t\t\t\n\t\t\t\n\n\t<div class=\"img has-hover x md-x lg-x y md-y lg-y\" id=\"image_2069139695\">\n\t\t\t\t\t\t\t\t<div class=\"img-inner image-cover dark\" style=\"padding-top:75%;\">\n\t\t\t<img loading=\"lazy\" decoding=\"async\" width=\"1020\" height=\"663\" src=\"https:\/\/www.driveblue.be\/wp-content\/uploads\/2025\/03\/kindercamping-bertrix-met-zwembad-1024x666.jpg\" class=\"attachment-large size-large\" alt=\"\" srcset=\"https:\/\/www.driveblue.be\/wp-content\/uploads\/2025\/03\/kindercamping-bertrix-met-zwembad-1024x666.jpg 1024w, https:\/\/www.driveblue.be\/wp-content\/uploads\/2025\/03\/kindercamping-bertrix-met-zwembad-300x195.jpg 300w, https:\/\/www.driveblue.be\/wp-content\/uploads\/2025\/03\/kindercamping-bertrix-met-zwembad-768x499.jpg 768w, https:\/\/www.driveblue.be\/wp-content\/uploads\/2025\/03\/kindercamping-bertrix-met-zwembad-1536x998.jpg 1536w, https:\/\/www.driveblue.be\/wp-content\/uploads\/2025\/03\/kindercamping-bertrix-met-zwembad.jpg 1600w\" sizes=\"auto, (max-width: 1020px) 100vw, 1020px\" \/>\t\t\t\t\t\t\n\t\t\t\t\t<\/div>\n\t\t\t\t\t\t\t\t\n<style>\n#image_2069139695 {\n  width: 100%;\n}\n<\/style>\n\t<\/div>\n\t\n\n\n\t\t<\/div>\n\t\t\t\t\t<\/div>\n\n\t\n\n\t<div id=\"col-1756184747\" class=\"col medium-4 small-12 large-4\"  >\n\t\t\t\t<div class=\"col-inner\"  >\n\t\t\t\n\t\t\t\n\n\t<div class=\"img has-hover x md-x lg-x y md-y lg-y\" id=\"image_270926219\">\n\t\t\t\t\t\t\t\t<div class=\"img-inner image-cover dark\" style=\"padding-top:75%;\">\n\t\t\t<img loading=\"lazy\" decoding=\"async\" width=\"1020\" height=\"663\" src=\"https:\/\/www.driveblue.be\/wp-content\/uploads\/2025\/03\/camping-bertrix-capnature-1-1024x666.jpg\" class=\"attachment-large size-large\" alt=\"\" srcset=\"https:\/\/www.driveblue.be\/wp-content\/uploads\/2025\/03\/camping-bertrix-capnature-1-1024x666.jpg 1024w, https:\/\/www.driveblue.be\/wp-content\/uploads\/2025\/03\/camping-bertrix-capnature-1-300x195.jpg 300w, https:\/\/www.driveblue.be\/wp-content\/uploads\/2025\/03\/camping-bertrix-capnature-1-768x499.jpg 768w, https:\/\/www.driveblue.be\/wp-content\/uploads\/2025\/03\/camping-bertrix-capnature-1-1536x998.jpg 1536w, https:\/\/www.driveblue.be\/wp-content\/uploads\/2025\/03\/camping-bertrix-capnature-1.jpg 1600w\" sizes=\"auto, (max-width: 1020px) 100vw, 1020px\" \/>\t\t\t\t\t\t\n\t\t\t\t\t<\/div>\n\t\t\t\t\t\t\t\t\n<style>\n#image_270926219 {\n  width: 100%;\n}\n<\/style>\n\t<\/div>\n\t\n\n\n\t\t<\/div>\n\t\t\t\t\t<\/div>\n\n\t\n\n\t<div id=\"col-1306832209\" class=\"col medium-4 small-12 large-4\"  >\n\t\t\t\t<div class=\"col-inner\"  >\n\t\t\t\n\t\t\t\n\n\t<div class=\"img has-hover x md-x lg-x y md-y lg-y\" id=\"image_735442089\">\n\t\t\t\t\t\t\t\t<div class=\"img-inner image-cover dark\" style=\"padding-top:75%;\">\n\t\t\t<img loading=\"lazy\" decoding=\"async\" width=\"1020\" height=\"663\" src=\"https:\/\/www.driveblue.be\/wp-content\/uploads\/2025\/03\/terras-sfeer-1024x666.jpg\" class=\"attachment-large size-large\" alt=\"\" srcset=\"https:\/\/www.driveblue.be\/wp-content\/uploads\/2025\/03\/terras-sfeer-1024x666.jpg 1024w, https:\/\/www.driveblue.be\/wp-content\/uploads\/2025\/03\/terras-sfeer-300x195.jpg 300w, https:\/\/www.driveblue.be\/wp-content\/uploads\/2025\/03\/terras-sfeer-768x499.jpg 768w, https:\/\/www.driveblue.be\/wp-content\/uploads\/2025\/03\/terras-sfeer-1536x998.jpg 1536w, https:\/\/www.driveblue.be\/wp-content\/uploads\/2025\/03\/terras-sfeer.jpg 1600w\" sizes=\"auto, (max-width: 1020px) 100vw, 1020px\" \/>\t\t\t\t\t\t\n\t\t\t\t\t<\/div>\n\t\t\t\t\t\t\t\t\n<style>\n#image_735442089 {\n  width: 100%;\n}\n<\/style>\n\t<\/div>\n\t\n\n\n\t\t<\/div>\n\t\t\t\t\t<\/div>\n\n\t\n\n<\/div>\n<div class=\"text-center\"><div class=\"is-divider divider clearfix\" ><\/div><\/div>\n\n<h3><strong>Conseils pratiques pour votre aventure Nugget<\/strong><\/h3>\n<h4><strong>Applications essentielles<\/strong><\/h4>\n<p><strong>Park4Night<\/strong> : L&#8217;application indispensable pour les camping-cars. Trouvez les meilleurs emplacements, les avis d&#8217;autres voyageurs et partagez vos propres exp\u00e9riences. <\/p>\n<p><strong>ACSI Camping<\/strong>: Guide complet des campings avec plus de 9 400 campings inspect\u00e9s en Europe. Avec des filtres pratiques et une fonction de r\u00e9servation.  <\/p>\n<p><strong>CamcingCard ACSI:<\/strong> Sp\u00e9cialement con\u00e7u pour le camping \u00e0 bas prix en basse saison. \u00c9conomisez jusqu&#8217;\u00e0 60 % sur plus de 3 000 emplacements de camping. <\/p>\n<p><strong>Waze<\/strong>: Vous l&#8217;avez probablement d\u00e9j\u00e0, mais il ne faut surtout pas l&#8217;oublier. Waze est la meilleure application de navigation pour les routes \u00e9troites et les informations sur le trafic en temps r\u00e9el. <\/p>\n<p> <\/p>\n<h4><strong>Conseils saisonniers<\/strong><\/h4>\n<p><strong>Printemps (mars-mai)<\/strong>: La p\u00e9riode id\u00e9ale pour les Ardennes. La nature se r\u00e9veille et les temp\u00e9ratures sont parfaites pour la randonn\u00e9e et le cyclisme. Les campings sont encore calmes et souvent moins chers.  <\/p>\n<p><strong>\u00c9t\u00e9 (juin-ao\u00fbt)<\/strong>: Parfait pour la c\u00f4te. R\u00e9servez votre camping c\u00f4tier longtemps \u00e0 l&#8217;avance. Dans les Ardennes, les campings en altitude offrent de la fra\u00eecheur pendant les journ\u00e9es chaudes.  <\/p>\n<p><strong>Automne (septembre-novembre)<\/strong>: La p\u00e9riode la plus belle des Ardennes avec des couleurs d&#8217;automne spectaculaires. De nombreux campings ont encore de bons am\u00e9nagements et des prix plus bas. <\/p>\n<p><strong>Hiver (d\u00e9cembre-f\u00e9vrier)<\/strong>: Choisissez des campings dot\u00e9s de bonnes installations sanitaires. Le chauffage du Nugget devient durant cette p\u00e9riode tr\u00e8s utile. Parfait pour les personnes en qu\u00eate de paix.  <\/p>\n<div class=\"row\"  id=\"row-1201799053\">\n\n\n\t<div id=\"col-473896294\" class=\"col medium-6 small-12 large-6\"  >\n\t\t\t\t<div class=\"col-inner\"  >\n\t\t\t\n\t\t\t\n\n\t<div class=\"img has-hover x md-x lg-x y md-y lg-y\" id=\"image_98908987\">\n\t\t\t\t\t\t\t\t<div class=\"img-inner image-cover dark\" style=\"padding-top:75%;\">\n\t\t\t<img loading=\"lazy\" decoding=\"async\" width=\"1020\" height=\"657\" src=\"https:\/\/www.driveblue.be\/wp-content\/uploads\/2025\/03\/2024FordTransitNuggetActivePHEV_4_side_Talents-LOW-1024x660.jpg\" class=\"attachment-large size-large\" alt=\"Ford transit Nugget 2025\" srcset=\"https:\/\/www.driveblue.be\/wp-content\/uploads\/2025\/03\/2024FordTransitNuggetActivePHEV_4_side_Talents-LOW-1024x660.jpg 1024w, https:\/\/www.driveblue.be\/wp-content\/uploads\/2025\/03\/2024FordTransitNuggetActivePHEV_4_side_Talents-LOW-300x193.jpg 300w, https:\/\/www.driveblue.be\/wp-content\/uploads\/2025\/03\/2024FordTransitNuggetActivePHEV_4_side_Talents-LOW-768x495.jpg 768w, https:\/\/www.driveblue.be\/wp-content\/uploads\/2025\/03\/2024FordTransitNuggetActivePHEV_4_side_Talents-LOW-1536x989.jpg 1536w, https:\/\/www.driveblue.be\/wp-content\/uploads\/2025\/03\/2024FordTransitNuggetActivePHEV_4_side_Talents-LOW.jpg 2048w\" sizes=\"auto, (max-width: 1020px) 100vw, 1020px\" \/>\t\t\t\t\t\t\n\t\t\t\t\t<\/div>\n\t\t\t\t\t\t\t\t\n<style>\n#image_98908987 {\n  width: 100%;\n}\n<\/style>\n\t<\/div>\n\t\n\n\n\t\t<\/div>\n\t\t\t\t\t<\/div>\n\n\t\n\n\t<div id=\"col-1757698132\" class=\"col medium-6 small-12 large-6\"  >\n\t\t\t\t<div class=\"col-inner\"  >\n\t\t\t\n\t\t\t\n\n\t<div class=\"img has-hover x md-x lg-x y md-y lg-y\" id=\"image_1134677267\">\n\t\t\t\t\t\t\t\t<div class=\"img-inner image-cover dark\" style=\"padding-top:75%;\">\n\t\t\t<img loading=\"lazy\" decoding=\"async\" width=\"1020\" height=\"681\" src=\"https:\/\/www.driveblue.be\/wp-content\/uploads\/2025\/03\/2024FordTransitNuggetActivePHEV_7_new_finish_rear-LOW-1-1024x684.jpg\" class=\"attachment-large size-large\" alt=\"Ford transit Nugget 2025\" srcset=\"https:\/\/www.driveblue.be\/wp-content\/uploads\/2025\/03\/2024FordTransitNuggetActivePHEV_7_new_finish_rear-LOW-1-1024x684.jpg 1024w, https:\/\/www.driveblue.be\/wp-content\/uploads\/2025\/03\/2024FordTransitNuggetActivePHEV_7_new_finish_rear-LOW-1-300x200.jpg 300w, https:\/\/www.driveblue.be\/wp-content\/uploads\/2025\/03\/2024FordTransitNuggetActivePHEV_7_new_finish_rear-LOW-1-768x513.jpg 768w, https:\/\/www.driveblue.be\/wp-content\/uploads\/2025\/03\/2024FordTransitNuggetActivePHEV_7_new_finish_rear-LOW-1-1536x1025.jpg 1536w, https:\/\/www.driveblue.be\/wp-content\/uploads\/2025\/03\/2024FordTransitNuggetActivePHEV_7_new_finish_rear-LOW-1.jpg 2048w\" sizes=\"auto, (max-width: 1020px) 100vw, 1020px\" \/>\t\t\t\t\t\t\n\t\t\t\t\t<\/div>\n\t\t\t\t\t\t\t\t\n<style>\n#image_1134677267 {\n  width: 100%;\n}\n<\/style>\n\t<\/div>\n\t\n\n\n\t\t<\/div>\n\t\t\t\t\t<\/div>\n\n\t\n\n<\/div>\n<h3><strong>Vous voulez en savoir plus sur le Ford Nugget ?<\/strong><\/h3>\n<p>Vous souhaitez obtenir plus d&#8217;informations sur le Ford Nugget ou vous \u00eates int\u00e9ress\u00e9 par un essai routier ? Les sp\u00e9cialistes Ford se feront un plaisir de vous aider dans l&#8217;un des <strong><a href=\"https:\/\/www.driveblue.be\/fr\/contact\/\" target=\"_blank\" rel=\"noopener\">Transit Center les plus proches<\/a><\/strong> de chez vous. Ou trouvez un <strong><a href=\"https:\/\/www.driveblue.be\/fr\/acheter-une-voiture\/\">Ford Nugget dans notre stock<\/a><\/strong>.  <\/p>\n<p><strong><a href=\"https:\/\/www.nl.ford.be\/bestelwagens-en-pick-ups\/new-transit-custom-nugget\">Visitez le site officiel de Ford<\/a><\/strong> pour conna\u00eetre toutes les sp\u00e9cifications, les prix et les options disponibles. <\/p>\n<div class=\"text-center\"><div class=\"is-divider divider clearfix\" ><\/div><\/div>\n\n\t<div id=\"gap-1343510960\" class=\"gap-element clearfix\" style=\"display:block; height:auto;\">\n\t\t\n<style>\n#gap-1343510960 {\n  padding-top: 30px;\n}\n<\/style>\n\t<\/div>\n\t\n\n<h4 style=\"text-align: center;\"><strong>A lire \u00e9galement:<\/strong><\/h4>\n\n  \n    <div class=\"row large-columns-3 medium-columns- small-columns-1 row-small has-shadow row-box-shadow-1\">\n  <div class=\"col post-item\" data-animate=\"fadeInLeft\">\n\t\t\t<div class=\"col-inner\">\n\t\t\t<a href=\"https:\/\/www.driveblue.be\/fr\/au-revoir-fiesta-lhistoire-de-lemblematique-fiesta\/\" class=\"plain\">\n\t\t\t\t<div class=\"box box-default box-text-bottom box-blog-post has-hover\">\n            \t\t\t\t\t<div class=\"box-image\" >\n  \t\t\t\t\t\t<div class=\"image-cover\" style=\"padding-top:150px;\">\n  \t\t\t\t\t\t\t<img loading=\"lazy\" decoding=\"async\" width=\"2560\" height=\"1710\" src=\"https:\/\/www.driveblue.be\/wp-content\/uploads\/2023\/03\/History_1976_fiesta_basis-scaled.jpg\" class=\"attachment-original size-original wp-post-image\" alt=\"Ford Fiesta 1976\" srcset=\"https:\/\/www.driveblue.be\/wp-content\/uploads\/2023\/03\/History_1976_fiesta_basis-scaled.jpg 2560w, https:\/\/www.driveblue.be\/wp-content\/uploads\/2023\/03\/History_1976_fiesta_basis-300x200.jpg 300w, https:\/\/www.driveblue.be\/wp-content\/uploads\/2023\/03\/History_1976_fiesta_basis-1024x684.jpg 1024w, https:\/\/www.driveblue.be\/wp-content\/uploads\/2023\/03\/History_1976_fiesta_basis-768x513.jpg 768w, https:\/\/www.driveblue.be\/wp-content\/uploads\/2023\/03\/History_1976_fiesta_basis-1536x1026.jpg 1536w, https:\/\/www.driveblue.be\/wp-content\/uploads\/2023\/03\/History_1976_fiesta_basis-2048x1368.jpg 2048w\" sizes=\"auto, (max-width: 2560px) 100vw, 2560px\" \/>  \t\t\t\t\t\t\t  \t\t\t\t\t\t\t  \t\t\t\t\t\t<\/div>\n  \t\t\t\t\t\t  \t\t\t\t\t<\/div>\n          \t\t\t\t\t<div class=\"box-text text-center\" >\n\t\t\t\t\t<div class=\"box-text-inner blog-post-inner\">\n\n\t\t\t\t\t\n\t\t\t\t\t\t\t\t\t\t<h5 class=\"post-title is-large \">Adieu Fiesta : l&#8217;histoire de la c\u00e9l\u00e8bre Ford<\/h5>\n\t\t\t\t\t\t\t\t\t\t<div class=\"is-divider\"><\/div>\n\t\t\t\t\t                    \n\t\t\t\t\t\n\t\t\t\t\t\n\t\t\t\t\t<\/div>\n\t\t\t\t\t<\/div>\n\t\t\t\t\t\t\t\t\t<\/div>\n\t\t\t\t<\/a>\n\t\t\t<\/div>\n\t\t<\/div><div class=\"col post-item\" data-animate=\"fadeInLeft\">\n\t\t\t<div class=\"col-inner\">\n\t\t\t<a href=\"https:\/\/www.driveblue.be\/fr\/vous-optez-pour-lelectrique-les-avantages-et-les-inconvenients-des-voitures-electriques-ford\/\" class=\"plain\">\n\t\t\t\t<div class=\"box box-default box-text-bottom box-blog-post has-hover\">\n            \t\t\t\t\t<div class=\"box-image\" >\n  \t\t\t\t\t\t<div class=\"image-cover\" style=\"padding-top:150px;\">\n  \t\t\t\t\t\t\t<img loading=\"lazy\" decoding=\"async\" width=\"2560\" height=\"1277\" src=\"https:\/\/www.driveblue.be\/wp-content\/uploads\/2023\/03\/All-New_Ford_E-Transit_15-scaled.jpg\" class=\"attachment-original size-original wp-post-image\" alt=\"All-Electric Ford E-Transit &amp; Mustang Mach-E\" srcset=\"https:\/\/www.driveblue.be\/wp-content\/uploads\/2023\/03\/All-New_Ford_E-Transit_15-scaled.jpg 2560w, https:\/\/www.driveblue.be\/wp-content\/uploads\/2023\/03\/All-New_Ford_E-Transit_15-300x150.jpg 300w, https:\/\/www.driveblue.be\/wp-content\/uploads\/2023\/03\/All-New_Ford_E-Transit_15-1024x511.jpg 1024w, https:\/\/www.driveblue.be\/wp-content\/uploads\/2023\/03\/All-New_Ford_E-Transit_15-768x383.jpg 768w, https:\/\/www.driveblue.be\/wp-content\/uploads\/2023\/03\/All-New_Ford_E-Transit_15-1536x766.jpg 1536w, https:\/\/www.driveblue.be\/wp-content\/uploads\/2023\/03\/All-New_Ford_E-Transit_15-2048x1022.jpg 2048w\" sizes=\"auto, (max-width: 2560px) 100vw, 2560px\" \/>  \t\t\t\t\t\t\t  \t\t\t\t\t\t\t  \t\t\t\t\t\t<\/div>\n  \t\t\t\t\t\t  \t\t\t\t\t<\/div>\n          \t\t\t\t\t<div class=\"box-text text-center\" >\n\t\t\t\t\t<div class=\"box-text-inner blog-post-inner\">\n\n\t\t\t\t\t\n\t\t\t\t\t\t\t\t\t\t<h5 class=\"post-title is-large \">Les avantages et inconv\u00e9nients des voitures \u00e9lectriques<\/h5>\n\t\t\t\t\t\t\t\t\t\t<div class=\"is-divider\"><\/div>\n\t\t\t\t\t                    \n\t\t\t\t\t\n\t\t\t\t\t\n\t\t\t\t\t<\/div>\n\t\t\t\t\t<\/div>\n\t\t\t\t\t\t\t\t\t<\/div>\n\t\t\t\t<\/a>\n\t\t\t<\/div>\n\t\t<\/div><div class=\"col post-item\" data-animate=\"fadeInLeft\">\n\t\t\t<div class=\"col-inner\">\n\t\t\t<a href=\"https:\/\/www.driveblue.be\/fr\/ford-bronco-le-vehicule-tout-terrain-par-excellence-debarque-en-europe\/\" class=\"plain\">\n\t\t\t\t<div class=\"box box-default box-text-bottom box-blog-post has-hover\">\n            \t\t\t\t\t<div class=\"box-image\" >\n  \t\t\t\t\t\t<div class=\"image-cover\" style=\"padding-top:150px;\">\n  \t\t\t\t\t\t\t<img loading=\"lazy\" decoding=\"async\" width=\"2560\" height=\"1707\" src=\"https:\/\/www.driveblue.be\/wp-content\/uploads\/2023\/03\/FordBronco_HPRed_Dynamic_1-scaled.jpg\" class=\"attachment-original size-original wp-post-image\" alt=\"Ford Bronco 2023\" srcset=\"https:\/\/www.driveblue.be\/wp-content\/uploads\/2023\/03\/FordBronco_HPRed_Dynamic_1-scaled.jpg 2560w, https:\/\/www.driveblue.be\/wp-content\/uploads\/2023\/03\/FordBronco_HPRed_Dynamic_1-300x200.jpg 300w, https:\/\/www.driveblue.be\/wp-content\/uploads\/2023\/03\/FordBronco_HPRed_Dynamic_1-1024x683.jpg 1024w, https:\/\/www.driveblue.be\/wp-content\/uploads\/2023\/03\/FordBronco_HPRed_Dynamic_1-768x512.jpg 768w, https:\/\/www.driveblue.be\/wp-content\/uploads\/2023\/03\/FordBronco_HPRed_Dynamic_1-1536x1024.jpg 1536w, https:\/\/www.driveblue.be\/wp-content\/uploads\/2023\/03\/FordBronco_HPRed_Dynamic_1-2048x1366.jpg 2048w\" sizes=\"auto, (max-width: 2560px) 100vw, 2560px\" \/>  \t\t\t\t\t\t\t  \t\t\t\t\t\t\t  \t\t\t\t\t\t<\/div>\n  \t\t\t\t\t\t  \t\t\t\t\t<\/div>\n          \t\t\t\t\t<div class=\"box-text text-center\" >\n\t\t\t\t\t<div class=\"box-text-inner blog-post-inner\">\n\n\t\t\t\t\t\n\t\t\t\t\t\t\t\t\t\t<h5 class=\"post-title is-large \">Ford Bronco : le v\u00e9hicule tout-terrain par excellence d\u00e9barque en Europe<\/h5>\n\t\t\t\t\t\t\t\t\t\t<div class=\"is-divider\"><\/div>\n\t\t\t\t\t                    \n\t\t\t\t\t\n\t\t\t\t\t\n\t\t\t\t\t<\/div>\n\t\t\t\t\t<\/div>\n\t\t\t\t\t\t\t\t\t<\/div>\n\t\t\t\t<\/a>\n\t\t\t<\/div>\n\t\t<\/div><\/div>\n\n<div class=\"text-center\"><div class=\"is-divider divider clearfix\" ><\/div><\/div>\n\n<h4 style=\"text-align: center\">Sur <a href=\"https:\/\/www.driveblue.be\/fr\/\" target=\"_blank\" rel=\"noopener\">Driveblue<\/a>, vous trouverez le plus grand choix de v\u00e9hicules Ford neufs et d'occasion vendus par les concessionnaires officiels Ford.<\/h4>\n\t<section class=\"section\" id=\"section_1292191953\">\n\t\t<div class=\"bg section-bg fill bg-fill  bg-loaded\" >\n\n\t\t\t\n\t\t\t\n\t\t\t\n\n\t\t<\/div>\n\n\t\t\n\n\t\t<div class=\"section-content relative\">\n\t\t\t\n\n<div class=\"row row-small\"  id=\"row-1853066568\">\n\n\n\t<div id=\"col-523755900\" class=\"col medium-4 small-12 large-4\"  >\n\t\t\t\t<div class=\"col-inner\"  >\n\t\t\t\n\t\t\t\n\n\n  <div class=\"banner has-hover bg-overlay-remove\" id=\"banner-972494405\">\n          <div class=\"banner-inner fill\">\n        <div class=\"banner-bg fill\" >\n            <div class=\"bg fill bg-fill \"><\/div>\n                        <div class=\"overlay\"><\/div>            \n                    <\/div>\n\t\t\n        <div class=\"banner-layers container\">\n            <div class=\"fill banner-link\"><\/div>            \n\n   <div id=\"text-box-969148036\" class=\"text-box banner-layer x50 md-x50 lg-x50 y50 md-y50 lg-y50 res-text\">\n                                <div class=\"text-box-content text dark\">\n              \n\t<div class=\"is-border\"\n\t\tstyle=\"border-width:2px 2px 2px 2px;margin:0px 0px 0px 0px;\">\n\t<\/div>\n              <div class=\"text-inner text-center\">\n                  \n\n<a href=\"https:\/\/www.driveblue.be\/fr\/acheter-une-voiture\/?----------Nieuw----------\" target=\"_self\" class=\"button primary is-outline is-xlarge expand\"  >\n    <span>Nouveaux v\u00e9hicules<\/span>\n  <\/a>\n\n\n\n              <\/div>\n           <\/div>\n                            \n<style>\n#text-box-969148036 {\n  width: 60%;\n}\n#text-box-969148036 .text-box-content {\n  font-size: 100%;\n}\n<\/style>\n    <\/div>\n \n\n        <\/div>\n      <\/div>\n\n            \n<style>\n#banner-972494405 {\n  padding-top: 400px;\n  background-color: rgba(255, 255, 255, 0);\n}\n#banner-972494405 .bg.bg-loaded {\n  background-image: url(https:\/\/www.driveblue.be\/wp-content\/uploads\/2024\/07\/2024Ford_ElectricCapri_35-scaled-e1721218524700-1024x664.jpg);\n}\n#banner-972494405 .overlay {\n  background-color: rgba(0, 0, 0, 0.35);\n}\n#banner-972494405 .bg {\n  background-position: 55% 45%;\n}\n#banner-972494405 .ux-shape-divider--top svg {\n  height: 150px;\n  --divider-top-width: 100%;\n}\n#banner-972494405 .ux-shape-divider--bottom svg {\n  height: 150px;\n  --divider-width: 100%;\n}\n@media (min-width:550px) {\n  #banner-972494405 {\n    padding-top: 350px;\n  }\n}\n<\/style>\n  <\/div>\n\n\n\n\t\t<\/div>\n\t\t\t\t\t<\/div>\n\n\t\n\n\t<div id=\"col-686858934\" class=\"col medium-4 small-12 large-4\"  >\n\t\t\t\t<div class=\"col-inner\"  >\n\t\t\t\n\t\t\t\n\n\n  <div class=\"banner has-hover bg-overlay-remove\" id=\"banner-645426244\">\n          <div class=\"banner-inner fill\">\n        <div class=\"banner-bg fill\" >\n            <div class=\"bg fill bg-fill \"><\/div>\n                        <div class=\"overlay\"><\/div>            \n                    <\/div>\n\t\t\n        <div class=\"banner-layers container\">\n            <div class=\"fill banner-link\"><\/div>            \n\n   <div id=\"text-box-87743923\" class=\"text-box banner-layer x50 md-x50 lg-x50 y50 md-y50 lg-y50 res-text\">\n                                <div class=\"text-box-content text dark\">\n              \n\t<div class=\"is-border\"\n\t\tstyle=\"border-width:2px 2px 2px 2px;margin:0px 0px 0px 0px;\">\n\t<\/div>\n              <div class=\"text-inner text-center\">\n                  \n\n<a href=\"https:\/\/www.driveblue.be\/fr\/acheter-une-voiture\/?----------Tweedehands----------\" target=\"_self\" class=\"button primary is-outline is-xlarge expand\"  >\n    <span>V\u00e9hicules d&#039;occasions<\/span>\n  <\/a>\n\n\n\n              <\/div>\n           <\/div>\n                            \n<style>\n#text-box-87743923 {\n  width: 60%;\n}\n#text-box-87743923 .text-box-content {\n  font-size: 100%;\n}\n<\/style>\n    <\/div>\n \n\n        <\/div>\n      <\/div>\n\n            \n<style>\n#banner-645426244 {\n  padding-top: 400px;\n  background-color: rgba(255, 255, 255, 0);\n}\n#banner-645426244 .bg.bg-loaded {\n  background-image: url(https:\/\/www.driveblue.be\/wp-content\/uploads\/2024\/02\/2024_FORD_PUMA_9-1024x627.jpg);\n}\n#banner-645426244 .overlay {\n  background-color: rgba(0, 0, 0, 0.35);\n}\n#banner-645426244 .bg {\n  background-position: 55%;\n}\n#banner-645426244 .ux-shape-divider--top svg {\n  height: 150px;\n  --divider-top-width: 100%;\n}\n#banner-645426244 .ux-shape-divider--bottom svg {\n  height: 150px;\n  --divider-width: 100%;\n}\n@media (min-width:550px) {\n  #banner-645426244 {\n    padding-top: 350px;\n  }\n}\n<\/style>\n  <\/div>\n\n\n\n\t\t<\/div>\n\t\t\t\t\t<\/div>\n\n\t\n\n\t<div id=\"col-5013296\" class=\"col medium-4 small-12 large-4\"  >\n\t\t\t\t<div class=\"col-inner\"  >\n\t\t\t\n\t\t\t\n\n\n  <div class=\"banner has-hover bg-overlay-remove\" id=\"banner-2128288170\">\n          <div class=\"banner-inner fill\">\n        <div class=\"banner-bg fill\" >\n            <div class=\"bg fill bg-fill \"><\/div>\n                        <div class=\"overlay\"><\/div>            \n\t<div class=\"is-border\"\n\t\tstyle=\"border-radius:40px;border-width:0px 0px 0px 0px;margin:0px 0px 0px 0px;\">\n\t<\/div>\n                    <\/div>\n\t\t\n        <div class=\"banner-layers container\">\n            <div class=\"fill banner-link\"><\/div>            \n\n   <div id=\"text-box-1578509899\" class=\"text-box banner-layer x50 md-x50 lg-x50 y50 md-y50 lg-y50 res-text\">\n                                <div class=\"text-box-content text dark\">\n              \n\t<div class=\"is-border\"\n\t\tstyle=\"border-width:2px 2px 2px 2px;margin:0px 0px 0px 0px;\">\n\t<\/div>\n              <div class=\"text-inner text-center\">\n                  \n\n<a href=\"https:\/\/www.driveblue.be\/fr\/acheter-une-voiture\/?---Gesloten%20bestelwagen\" target=\"_self\" class=\"button primary is-outline is-xlarge expand\"  >\n    <span>V\u00e9hicule de soci\u00e9t\u00e9<\/span>\n  <\/a>\n\n\n\n              <\/div>\n           <\/div>\n                            \n<style>\n#text-box-1578509899 {\n  width: 60%;\n}\n#text-box-1578509899 .text-box-content {\n  font-size: 100%;\n}\n<\/style>\n    <\/div>\n \n\n        <\/div>\n      <\/div>\n\n            \n<style>\n#banner-2128288170 {\n  padding-top: 400px;\n  background-color: rgba(255, 255, 255, 0);\n}\n#banner-2128288170 .bg.bg-loaded {\n  background-image: url(https:\/\/www.driveblue.be\/wp-content\/uploads\/2025\/02\/transitcustom.jpg);\n}\n#banner-2128288170 .overlay {\n  background-color: rgba(0, 0, 0, 0.35);\n}\n#banner-2128288170 .bg {\n  background-position: 30% 95%;\n}\n#banner-2128288170 .ux-shape-divider--top svg {\n  height: 150px;\n  --divider-top-width: 100%;\n}\n#banner-2128288170 .ux-shape-divider--bottom svg {\n  height: 150px;\n  --divider-width: 100%;\n}\n@media (min-width:550px) {\n  #banner-2128288170 {\n    padding-top: 350px;\n  }\n}\n<\/style>\n  <\/div>\n\n\n\n\t\t<\/div>\n\t\t\t\t\t<\/div>\n\n\t\n\n<\/div>\n\n\t\t<\/div>\n\n\t\t\n<style>\n#section_1292191953 {\n  padding-top: 10px;\n  padding-bottom: 10px;\n}\n#section_1292191953 .ux-shape-divider--top svg {\n  height: 150px;\n  --divider-top-width: 100%;\n}\n#section_1292191953 .ux-shape-divider--bottom svg {\n  height: 150px;\n  --divider-width: 100%;\n}\n<\/style>\n\t<\/section>\n\t\n\n\n","protected":false},"excerpt":{"rendered":"","protected":false},"author":17,"featured_media":8902,"comment_status":"closed","ping_status":"open","sticky":false,"template":"","format":"standard","meta":{"footnotes":""},"categories":[20],"tags":[62,102,103],"class_list":["post-8935","post","type-post","status-publish","format-standard","has-post-thumbnail","hentry","category-actualite","tag-ford-fr","tag-nugget-fr","tag-transit-custom-fr"],"acf":[],"yoast_head":"<!-- This site is optimized with the Yoast SEO plugin v20.12 - https:\/\/yoast.com\/wordpress\/plugins\/seo\/ -->\n<title>Le guide ultime de la Ford Nugget : de la c\u00f4te aux Ardennes en toute libert\u00e9 - DriveBlue<\/title>\n<meta name=\"description\" content=\"La libert\u00e9 prend un tout autre sens avec le Ford Nugget. Ce camping-car ing\u00e9nieusement con\u00e7u allie le confort d&#039;une petite maison \u00e0 la maniabilit\u00e9 d&#039;une voiture de tourisme.\" \/>\n<meta name=\"robots\" content=\"index, follow, max-snippet:-1, max-image-preview:large, max-video-preview:-1\" \/>\n<link rel=\"canonical\" href=\"https:\/\/www.driveblue.be\/fr\/le-guide-ultime-de-la-ford-nugget-de-la-cote-aux-ardennes-en-toute-liberte\/\" \/>\n<meta property=\"og:locale\" content=\"fr_FR\" \/>\n<meta property=\"og:type\" content=\"article\" \/>\n<meta property=\"og:title\" content=\"Le guide ultime de la Ford Nugget : de la c\u00f4te aux Ardennes en toute libert\u00e9 - DriveBlue\" \/>\n<meta property=\"og:description\" content=\"La libert\u00e9 prend un tout autre sens avec le Ford Nugget. Ce camping-car ing\u00e9nieusement con\u00e7u allie le confort d&#039;une petite maison \u00e0 la maniabilit\u00e9 d&#039;une voiture de tourisme.\" \/>\n<meta property=\"og:url\" content=\"https:\/\/www.driveblue.be\/fr\/le-guide-ultime-de-la-ford-nugget-de-la-cote-aux-ardennes-en-toute-liberte\/\" \/>\n<meta property=\"og:site_name\" content=\"DriveBlue\" \/>\n<meta property=\"article:published_time\" content=\"2025-03-25T13:34:59+00:00\" \/>\n<meta property=\"article:modified_time\" content=\"2025-03-25T13:35:00+00:00\" \/>\n<meta property=\"og:image\" content=\"https:\/\/www.driveblue.be\/wp-content\/uploads\/2025\/03\/2024FordTransitNuggetActivePHEV_2_3-4_front_awning-LOW.jpg\" \/>\n\t<meta property=\"og:image:width\" content=\"2048\" \/>\n\t<meta property=\"og:image:height\" content=\"1367\" \/>\n\t<meta property=\"og:image:type\" content=\"image\/jpeg\" \/>\n<meta name=\"author\" content=\"Sven\" \/>\n<meta name=\"twitter:card\" content=\"summary_large_image\" \/>\n<meta name=\"twitter:label1\" content=\"\u00c9crit par\" \/>\n\t<meta name=\"twitter:data1\" content=\"Sven\" \/>\n\t<meta name=\"twitter:label2\" content=\"Dur\u00e9e de lecture est.\" \/>\n\t<meta name=\"twitter:data2\" content=\"4 minutes\" \/>\n<script type=\"application\/ld+json\" class=\"yoast-schema-graph\">{\"@context\":\"https:\/\/schema.org\",\"@graph\":[{\"@type\":\"WebPage\",\"@id\":\"https:\/\/www.driveblue.be\/fr\/le-guide-ultime-de-la-ford-nugget-de-la-cote-aux-ardennes-en-toute-liberte\/\",\"url\":\"https:\/\/www.driveblue.be\/fr\/le-guide-ultime-de-la-ford-nugget-de-la-cote-aux-ardennes-en-toute-liberte\/\",\"name\":\"Le guide ultime de la Ford Nugget : de la c\u00f4te aux Ardennes en toute libert\u00e9 - DriveBlue\",\"isPartOf\":{\"@id\":\"https:\/\/www.driveblue.be\/fr\/#website\"},\"datePublished\":\"2025-03-25T13:34:59+00:00\",\"dateModified\":\"2025-03-25T13:35:00+00:00\",\"author\":{\"@id\":\"https:\/\/www.driveblue.be\/fr\/#\/schema\/person\/2f2e50a1154f45f0b869427a2ae4c309\"},\"description\":\"La libert\u00e9 prend un tout autre sens avec le Ford Nugget. Ce camping-car ing\u00e9nieusement con\u00e7u allie le confort d'une petite maison \u00e0 la maniabilit\u00e9 d'une voiture de tourisme.\",\"breadcrumb\":{\"@id\":\"https:\/\/www.driveblue.be\/fr\/le-guide-ultime-de-la-ford-nugget-de-la-cote-aux-ardennes-en-toute-liberte\/#breadcrumb\"},\"inLanguage\":\"fr-BE\",\"potentialAction\":[{\"@type\":\"ReadAction\",\"target\":[\"https:\/\/www.driveblue.be\/fr\/le-guide-ultime-de-la-ford-nugget-de-la-cote-aux-ardennes-en-toute-liberte\/\"]}]},{\"@type\":\"BreadcrumbList\",\"@id\":\"https:\/\/www.driveblue.be\/fr\/le-guide-ultime-de-la-ford-nugget-de-la-cote-aux-ardennes-en-toute-liberte\/#breadcrumb\",\"itemListElement\":[{\"@type\":\"ListItem\",\"position\":1,\"name\":\"Home\",\"item\":\"https:\/\/www.driveblue.be\/fr\/\"},{\"@type\":\"ListItem\",\"position\":2,\"name\":\"Le guide ultime de la Ford Nugget : de la c\u00f4te aux Ardennes en toute libert\u00e9\"}]},{\"@type\":\"WebSite\",\"@id\":\"https:\/\/www.driveblue.be\/fr\/#website\",\"url\":\"https:\/\/www.driveblue.be\/fr\/\",\"name\":\"DriveBlue\",\"description\":\"\",\"potentialAction\":[{\"@type\":\"SearchAction\",\"target\":{\"@type\":\"EntryPoint\",\"urlTemplate\":\"https:\/\/www.driveblue.be\/fr\/?s={search_term_string}\"},\"query-input\":\"required name=search_term_string\"}],\"inLanguage\":\"fr-BE\"},{\"@type\":\"Person\",\"@id\":\"https:\/\/www.driveblue.be\/fr\/#\/schema\/person\/2f2e50a1154f45f0b869427a2ae4c309\",\"name\":\"Sven\",\"image\":{\"@type\":\"ImageObject\",\"inLanguage\":\"fr-BE\",\"@id\":\"https:\/\/www.driveblue.be\/fr\/#\/schema\/person\/image\/\",\"url\":\"https:\/\/secure.gravatar.com\/avatar\/203da86f8066b477c5f42ba122b9ed1dcd0bf1cf1458f139822175b43328cc8c?s=96&d=mm&r=g\",\"contentUrl\":\"https:\/\/secure.gravatar.com\/avatar\/203da86f8066b477c5f42ba122b9ed1dcd0bf1cf1458f139822175b43328cc8c?s=96&d=mm&r=g\",\"caption\":\"Sven\"},\"url\":\"https:\/\/www.driveblue.be\"}]}<\/script>\n<!-- \/ Yoast SEO plugin. -->","yoast_head_json":{"title":"Le guide ultime de la Ford Nugget : de la c\u00f4te aux Ardennes en toute libert\u00e9 - DriveBlue","description":"La libert\u00e9 prend un tout autre sens avec le Ford Nugget. Ce camping-car ing\u00e9nieusement con\u00e7u allie le confort d'une petite maison \u00e0 la maniabilit\u00e9 d'une voiture de tourisme.","robots":{"index":"index","follow":"follow","max-snippet":"max-snippet:-1","max-image-preview":"max-image-preview:large","max-video-preview":"max-video-preview:-1"},"canonical":"https:\/\/www.driveblue.be\/fr\/le-guide-ultime-de-la-ford-nugget-de-la-cote-aux-ardennes-en-toute-liberte\/","og_locale":"fr_FR","og_type":"article","og_title":"Le guide ultime de la Ford Nugget : de la c\u00f4te aux Ardennes en toute libert\u00e9 - DriveBlue","og_description":"La libert\u00e9 prend un tout autre sens avec le Ford Nugget. Ce camping-car ing\u00e9nieusement con\u00e7u allie le confort d'une petite maison \u00e0 la maniabilit\u00e9 d'une voiture de tourisme.","og_url":"https:\/\/www.driveblue.be\/fr\/le-guide-ultime-de-la-ford-nugget-de-la-cote-aux-ardennes-en-toute-liberte\/","og_site_name":"DriveBlue","article_published_time":"2025-03-25T13:34:59+00:00","article_modified_time":"2025-03-25T13:35:00+00:00","og_image":[{"width":2048,"height":1367,"url":"https:\/\/www.driveblue.be\/wp-content\/uploads\/2025\/03\/2024FordTransitNuggetActivePHEV_2_3-4_front_awning-LOW.jpg","type":"image\/jpeg"}],"author":"Sven","twitter_card":"summary_large_image","twitter_misc":{"\u00c9crit par":"Sven","Dur\u00e9e de lecture est.":"4 minutes"},"schema":{"@context":"https:\/\/schema.org","@graph":[{"@type":"WebPage","@id":"https:\/\/www.driveblue.be\/fr\/le-guide-ultime-de-la-ford-nugget-de-la-cote-aux-ardennes-en-toute-liberte\/","url":"https:\/\/www.driveblue.be\/fr\/le-guide-ultime-de-la-ford-nugget-de-la-cote-aux-ardennes-en-toute-liberte\/","name":"Le guide ultime de la Ford Nugget : de la c\u00f4te aux Ardennes en toute libert\u00e9 - DriveBlue","isPartOf":{"@id":"https:\/\/www.driveblue.be\/fr\/#website"},"datePublished":"2025-03-25T13:34:59+00:00","dateModified":"2025-03-25T13:35:00+00:00","author":{"@id":"https:\/\/www.driveblue.be\/fr\/#\/schema\/person\/2f2e50a1154f45f0b869427a2ae4c309"},"description":"La libert\u00e9 prend un tout autre sens avec le Ford Nugget. Ce camping-car ing\u00e9nieusement con\u00e7u allie le confort d'une petite maison \u00e0 la maniabilit\u00e9 d'une voiture de tourisme.","breadcrumb":{"@id":"https:\/\/www.driveblue.be\/fr\/le-guide-ultime-de-la-ford-nugget-de-la-cote-aux-ardennes-en-toute-liberte\/#breadcrumb"},"inLanguage":"fr-BE","potentialAction":[{"@type":"ReadAction","target":["https:\/\/www.driveblue.be\/fr\/le-guide-ultime-de-la-ford-nugget-de-la-cote-aux-ardennes-en-toute-liberte\/"]}]},{"@type":"BreadcrumbList","@id":"https:\/\/www.driveblue.be\/fr\/le-guide-ultime-de-la-ford-nugget-de-la-cote-aux-ardennes-en-toute-liberte\/#breadcrumb","itemListElement":[{"@type":"ListItem","position":1,"name":"Home","item":"https:\/\/www.driveblue.be\/fr\/"},{"@type":"ListItem","position":2,"name":"Le guide ultime de la Ford Nugget : de la c\u00f4te aux Ardennes en toute libert\u00e9"}]},{"@type":"WebSite","@id":"https:\/\/www.driveblue.be\/fr\/#website","url":"https:\/\/www.driveblue.be\/fr\/","name":"DriveBlue","description":"","potentialAction":[{"@type":"SearchAction","target":{"@type":"EntryPoint","urlTemplate":"https:\/\/www.driveblue.be\/fr\/?s={search_term_string}"},"query-input":"required name=search_term_string"}],"inLanguage":"fr-BE"},{"@type":"Person","@id":"https:\/\/www.driveblue.be\/fr\/#\/schema\/person\/2f2e50a1154f45f0b869427a2ae4c309","name":"Sven","image":{"@type":"ImageObject","inLanguage":"fr-BE","@id":"https:\/\/www.driveblue.be\/fr\/#\/schema\/person\/image\/","url":"https:\/\/secure.gravatar.com\/avatar\/203da86f8066b477c5f42ba122b9ed1dcd0bf1cf1458f139822175b43328cc8c?s=96&d=mm&r=g","contentUrl":"https:\/\/secure.gravatar.com\/avatar\/203da86f8066b477c5f42ba122b9ed1dcd0bf1cf1458f139822175b43328cc8c?s=96&d=mm&r=g","caption":"Sven"},"url":"https:\/\/www.driveblue.be"}]}},"_links":{"self":[{"href":"https:\/\/www.driveblue.be\/fr\/wp-json\/wp\/v2\/posts\/8935","targetHints":{"allow":["GET"]}}],"collection":[{"href":"https:\/\/www.driveblue.be\/fr\/wp-json\/wp\/v2\/posts"}],"about":[{"href":"https:\/\/www.driveblue.be\/fr\/wp-json\/wp\/v2\/types\/post"}],"author":[{"embeddable":true,"href":"https:\/\/www.driveblue.be\/fr\/wp-json\/wp\/v2\/users\/17"}],"replies":[{"embeddable":true,"href":"https:\/\/www.driveblue.be\/fr\/wp-json\/wp\/v2\/comments?post=8935"}],"version-history":[{"count":3,"href":"https:\/\/www.driveblue.be\/fr\/wp-json\/wp\/v2\/posts\/8935\/revisions"}],"predecessor-version":[{"id":8938,"href":"https:\/\/www.driveblue.be\/fr\/wp-json\/wp\/v2\/posts\/8935\/revisions\/8938"}],"wp:featuredmedia":[{"embeddable":true,"href":"https:\/\/www.driveblue.be\/fr\/wp-json\/wp\/v2\/media\/8902"}],"wp:attachment":[{"href":"https:\/\/www.driveblue.be\/fr\/wp-json\/wp\/v2\/media?parent=8935"}],"wp:term":[{"taxonomy":"category","embeddable":true,"href":"https:\/\/www.driveblue.be\/fr\/wp-json\/wp\/v2\/categories?post=8935"},{"taxonomy":"post_tag","embeddable":true,"href":"https:\/\/www.driveblue.be\/fr\/wp-json\/wp\/v2\/tags?post=8935"}],"curies":[{"name":"wp","href":"https:\/\/api.w.org\/{rel}","templated":true}]}}